{"id":197101,"date":"2025-03-17T15:46:52","date_gmt":"2025-03-17T18:46:52","guid":{"rendered":"https:\/\/corrientesdetarde.com\/?p=197101"},"modified":"2025-03-17T15:46:55","modified_gmt":"2025-03-17T18:46:55","slug":"becas-progresar-todos-los-requisitos-para-cobrar-en-marzo-de-2025","status":"publish","type":"post","link":"https:\/\/corrientesdetarde.com\/index.php\/economia\/becas-progresar-todos-los-requisitos-para-cobrar-en-marzo-de-2025\/","title":{"rendered":"Becas Progresar: todos los requisitos para cobrar en marzo de 2025"},"content":{"rendered":"\n<p>Estos son los requerimientos necesarios que se deben cumplir para poder percibir el programa este mes.<\/p>\n\n\n\n<p>En&nbsp;<strong>marzo de 2025&nbsp;<\/strong>recibir\u00e1n el pago de las&nbsp;<strong>Becas Progresar<\/strong>&nbsp;aquellos beneficiarios que cumplan con los requisitos establecidos por el programa y no hayan sido dados de baja. Adem\u00e1s, los&nbsp;<strong>ingresos del grupo familiar<\/strong>&nbsp;de los solicitantes no pueden superar el equivalente a&nbsp;<strong>tres Salarios M\u00ednimos, Vitales y M\u00f3viles (SMVM)<\/strong>.<\/p>\n\n\n\n<p>Tambi\u00e9n es obligatorio&nbsp;<strong>acreditar asistencia regular<\/strong>&nbsp;a una instituci\u00f3n educativa y demostrar el&nbsp;<strong>avance acad\u00e9mico exigido<\/strong>&nbsp;seg\u00fan la beca correspondiente.<\/p>\n\n\n\n<h2 class=\"wp-block-heading\">Requisitos para cobrar las Becas Progresar en marzo de 2025, seg\u00fan cada programa<\/h2>\n\n\n\n<p><strong>Progresar superior:<\/strong><\/p>\n\n\n\n<p>Destinado a estudiantes de nivel superior, quienes deben cumplir con las siguientes condiciones:<\/p>\n\n\n\n<ul class=\"wp-block-list\">\n<li>Ser\u00a0<strong>argentino nativo o naturalizado<\/strong>, o extranjero con residencia legal de al menos\u00a0<strong>5 a\u00f1os<\/strong>\u00a0en el pa\u00eds, con\u00a0<strong>DNI<\/strong>.<\/li>\n\n\n\n<li><strong>Edad: Ingresantes:<\/strong>\u00a0entre\u00a0<strong>17 y 24 a\u00f1os<\/strong>.\u00a0<strong>Estudiantes avanzados:<\/strong>\u00a0hasta\u00a0<strong>30 a\u00f1os<\/strong>.\u00a0<strong>Estudiantes de enfermer\u00eda:<\/strong>\u00a0sin l\u00edmite de edad.<\/li>\n\n\n\n<li>Los\u00a0<strong>ingresos del estudiante y su grupo familiar<\/strong>\u00a0no deben superar\u00a0<strong>tres SMVM<\/strong>, salvo que el solicitante sea titular de una\u00a0<strong>pensi\u00f3n no contributiva por invalidez<\/strong>\u00a0otorgada bajo el art\u00edculo 9 de la\u00a0<strong>Ley 13478<\/strong>.<\/li>\n\n\n\n<li>Haber egresado del\u00a0<strong>nivel medio<\/strong>\u00a0sin adeudar materias al momento de la inscripci\u00f3n.<\/li>\n\n\n\n<li>Ingresar o estar cursando estudios en\u00a0<strong>universidades nacionales o provinciales, institutos universitarios nacionales o institutos de educaci\u00f3n t\u00e9cnica superior, de formaci\u00f3n t\u00e9cnica o docente de gesti\u00f3n estatal<\/strong>. Se contemplan excepciones para\u00a0<strong>instituciones privadas y estudiantes de enfermer\u00eda<\/strong>, seg\u00fan el\u00a0<strong>Reglamento Progresar<\/strong>.<\/li>\n\n\n\n<li>Cumplir con las\u00a0<strong>condiciones acad\u00e9micas<\/strong>\u00a0establecidas en el\u00a0<strong>Reglamento Progresar<\/strong>.<\/li>\n\n\n\n<li>Contar con el\u00a0<strong>esquema de vacunaci\u00f3n completo<\/strong>\u00a0o en curso, seg\u00fan el grupo de edad.<\/li>\n\n\n\n<li>Participar en las\u00a0<strong>actividades complementarias<\/strong>\u00a0determinadas por el programa.<\/li>\n<\/ul>\n\n\n\n<p><strong>Progresar trabajo<\/strong>:<\/p>\n\n\n\n<p>Dirigido a personas que buscan formaci\u00f3n profesional y capacitaci\u00f3n laboral. Se debe cumplir con los siguientes requisitos:<\/p>\n\n\n\n<ul class=\"wp-block-list\">\n<li>Ser\u00a0<strong>argentino nativo o naturalizado<\/strong>, o extranjero con residencia legal de\u00a0<strong>2 a\u00f1os<\/strong>\u00a0en el pa\u00eds y contar con\u00a0<strong>DNI<\/strong>.<\/li>\n\n\n\n<li>Tener entre\u00a0<strong>18 y 24 a\u00f1os<\/strong>.<\/li>\n\n\n\n<li>Para quienes\u00a0<strong>no tienen empleo formal registrado<\/strong>, la edad se extiende hasta\u00a0<strong>40 a\u00f1os<\/strong>.<\/li>\n\n\n\n<li>Los ingresos del postulante no deben superar\u00a0<strong>tres SMVM<\/strong>.<\/li>\n<\/ul>\n\n\n\n<p><strong>Progresar obligatorio<\/strong>:<\/p>\n\n\n\n<p>Para j\u00f3venes que desean finalizar sus estudios secundarios. Deben cumplir con las siguientes condiciones:<\/p>\n\n\n\n<ul class=\"wp-block-list\">\n<li>Ser\u00a0<strong>argentino nativo o naturalizado<\/strong>, o extranjero con residencia legal de\u00a0<strong>2 a\u00f1os<\/strong>\u00a0en el pa\u00eds y contar con\u00a0<strong>DNI<\/strong>.<\/li>\n\n\n\n<li>Tener entre\u00a0<strong>16 y 24 a\u00f1os<\/strong>\u00a0cumplidos al momento del cierre de la convocatoria.<\/li>\n\n\n\n<li>Los\u00a0<strong>ingresos del estudiante y su grupo familiar<\/strong>\u00a0no pueden superar\u00a0<strong>tres SMVM<\/strong>, salvo en el caso de quienes sean titulares de una\u00a0<strong>pensi\u00f3n no contributiva por invalidez<\/strong>\u00a0bajo el art\u00edculo 9 de la\u00a0<strong>Ley 13478<\/strong>.<\/li>\n\n\n\n<li>Acreditar la condici\u00f3n de\u00a0<strong>alumno regular<\/strong>.<\/li>\n\n\n\n<li>Participar en las\u00a0<strong>actividades complementarias<\/strong>\u00a0del programa.<\/li>\n\n\n\n<li>Cumplir con las\u00a0<strong>condiciones acad\u00e9micas<\/strong>\u00a0establecidas en el\u00a0<strong>Reglamento Progresar<\/strong>.<\/li>\n\n\n\n<li>Contar con el\u00a0<strong>esquema de vacunaci\u00f3n completo<\/strong>\u00a0o en curso, seg\u00fan el grupo de edad.<\/li>\n\n\n\n<li>Para cobrar la totalidad del beneficio, es obligatorio completar todos los\u00a0<strong>cursos de orientaci\u00f3n vocacional y laboral<\/strong>\u00a0establecidos por el programa.<\/li>\n<\/ul>\n\n\n\n<figure class=\"wp-block-image\"><img decoding=\"async\" src=\"https:\/\/tn.com.ar\/resizer\/v2\/para-cobrar-la-totalidad-del-progresar-obligatorio-es-necesario-completar-todos-los-cursos-de-orientacion-vocacional-y-laboral-foto-argentinagobar-PIFR3MWJHVHB7EVFLSNVDGYSTY.PNG?auth=e7173100fe60ccc39b597dc99f5b4c03ef31f83cc8b3d009e8f2e98db3893047&amp;width=767\" alt=\"Para cobrar la totalidad del Progresar Obligatorio, es necesario completar todos los cursos de orientaci\u00f3n vocacional y laboral (Foto: Argentina.gob.ar).\"\/><\/figure>\n\n\n\n<h2 class=\"wp-block-heading\">C\u00f3mo saber si cobro las Becas Progresar en marzo de 2025<\/h2>\n\n\n\n<p>Los beneficiarios pueden verificar si recibir\u00e1n el pago a trav\u00e9s de dos opciones:<\/p>\n\n\n\n<ul class=\"wp-block-list\">\n<li><strong>Mi ANSES<\/strong>: ingresando con\u00a0<strong>CUIL y contrase\u00f1a<\/strong>, en la secci\u00f3n\u00a0<strong>\u201cMis Cobros\u201d<\/strong>, donde se informar\u00e1 si hay pagos pendientes y sus fechas.<\/li>\n\n\n\n<li><strong>Mi Argentina<\/strong>: accediendo con los datos personales para consultar la fecha de cobro.<\/li>\n<\/ul>\n\n\n\n<figure class=\"wp-block-image\"><img decoding=\"async\" src=\"https:\/\/tn.com.ar\/resizer\/v2\/asi-se-verifica-en-mi-argentina-el-cobro-del-programa-foto-mi-argentina-ZXTJI52TVRDGNBVIA7XXDTL3AE.PNG?auth=dec5a547598ee2e134d1be74358f9e83a0843a533ebb4e2efb753eb8bfe0a210&amp;width=767\" alt=\"As\u00ed se verifica en Mi Argentina el cobro del programa (Foto: Mi Argentina).\n\"\/><\/figure>\n","protected":false},"excerpt":{"rendered":"<p>Estos son los requerimientos necesarios que se deben cumplir para poder percibir el programa este mes. En&nbsp;marzo de 2025&nbsp;recibir\u00e1n el pago de las&nbsp;Becas Progresar&nbsp;aquellos beneficiarios que cumplan con los requisitos&hellip; <\/p>\n","protected":false},"author":8,"featured_media":197102,"comment_status":"closed","ping_status":"open","sticky":false,"template":"","format":"standard","meta":{"footnotes":""},"categories":[20],"tags":[],"class_list":["post-197101","post","type-post","status-publish","format-standard","has-post-thumbnail","hentry","category-economia"],"_links":{"self":[{"href":"https:\/\/corrientesdetarde.com\/index.php\/wp-json\/wp\/v2\/posts\/197101","targetHints":{"allow":["GET"]}}],"collection":[{"href":"https:\/\/corrientesdetarde.com\/index.php\/wp-json\/wp\/v2\/posts"}],"about":[{"href":"https:\/\/corrientesdetarde.com\/index.php\/wp-json\/wp\/v2\/types\/post"}],"author":[{"embeddable":true,"href":"https:\/\/corrientesdetarde.com\/index.php\/wp-json\/wp\/v2\/users\/8"}],"replies":[{"embeddable":true,"href":"https:\/\/corrientesdetarde.com\/index.php\/wp-json\/wp\/v2\/comments?post=197101"}],"version-history":[{"count":1,"href":"https:\/\/corrientesdetarde.com\/index.php\/wp-json\/wp\/v2\/posts\/197101\/revisions"}],"predecessor-version":[{"id":197103,"href":"https:\/\/corrientesdetarde.com\/index.php\/wp-json\/wp\/v2\/posts\/197101\/revisions\/197103"}],"wp:featuredmedia":[{"embeddable":true,"href":"https:\/\/corrientesdetarde.com\/index.php\/wp-json\/wp\/v2\/media\/197102"}],"wp:attachment":[{"href":"https:\/\/corrientesdetarde.com\/index.php\/wp-json\/wp\/v2\/media?parent=197101"}],"wp:term":[{"taxonomy":"category","embeddable":true,"href":"https:\/\/corrientesdetarde.com\/index.php\/wp-json\/wp\/v2\/categories?post=197101"},{"taxonomy":"post_tag","embeddable":true,"href":"https:\/\/corrientesdetarde.com\/index.php\/wp-json\/wp\/v2\/tags?post=197101"}],"curies":[{"name":"wp","href":"https:\/\/api.w.org\/{rel}","templated":true}]}}