{"id":197104,"date":"2025-03-17T15:50:20","date_gmt":"2025-03-17T18:50:20","guid":{"rendered":"https:\/\/corrientesdetarde.com\/?p=197104"},"modified":"2025-03-17T15:57:28","modified_gmt":"2025-03-17T18:57:28","slug":"el-gobierno-les-aplico-el-derecho-de-admision-a-26-hinchas-involucrados-en-destrozos-durante-la-marcha","status":"publish","type":"post","link":"https:\/\/corrientesdetarde.com\/index.php\/politica\/el-gobierno-les-aplico-el-derecho-de-admision-a-26-hinchas-involucrados-en-destrozos-durante-la-marcha\/","title":{"rendered":"El Gobierno les aplic\u00f3 el derecho de admisi\u00f3n a 26 hinchas involucrados en destrozos durante la marcha"},"content":{"rendered":"\n<p>Tal como anticip\u00f3 , el Ministerio de Seguridad les prohibi\u00f3 el acceso a todos los eventos deportivos por \u201catentado y resistencia a la autoridad\u201d. La mitad tiene antecedentes penales y pedidos de captura activos.<\/p>\n\n\n\n<p>El Gobierno les aplic\u00f3 el&nbsp;<strong>derecho de admisi\u00f3n a 26 hinchas&nbsp;<\/strong>involucrados en los destrozos de la marcha de los jubilados. La medida fue establecida por el Ministerio de Seguridad y oficializada este lunes en el Bolet\u00edn Oficial.<\/p>\n\n\n\n<p>Se trata de una parte de los detenidos por las fuerzas federales tras el&nbsp;enfrentamiento y los incidentes en la plaza del Congreso, de los cuales la mitad cuenta con<strong>&nbsp;antecedentes penales y pedidos de captura&nbsp;<\/strong>activos.<\/p>\n\n\n\n<p>La Resoluci\u00f3n 343\/2025, que lleva la firma de&nbsp;<strong>Patricia Bullrich,&nbsp;<\/strong>les impone a estos 26 hinchas una &#8220;<strong>restricci\u00f3n de concurrencia administrativa&#8221;&nbsp;<\/strong>en todo el territorio argentino por las \u201cactuaciones sumariales\u201d caratuladas en la causa como &#8220;<strong>atentado y resistencia a la autoridad&#8221;.<\/strong><\/p>\n\n\n\n<p>De acuerdo a la normativa, las actuaciones se iniciaron \u201ccon motivo de los episodios de violencia de p\u00fablico conocimiento, protagonizados por grupos de&nbsp;<strong>personas identificadas en su mayor\u00eda con divisas deportivas de clubes de f\u00fatbol<\/strong>, en la Plaza del Congreso y sus adyacencias&#8221;.<\/p>\n\n\n\n<p>Los considerandos de la Resoluci\u00f3n indican que las personas se\u00f1aladas actuaron \u201cen supuesto apoyo a las reuniones que habitualmente congregan a jubilados\u201d y&nbsp;<strong>protagonizaron&nbsp;<\/strong>&#8220;<strong>incidentes<\/strong>&nbsp;que derivaron en la intervenci\u00f3n de efectivos de Gendarmer\u00eda Nacional, Polic\u00eda Federal, Prefectura y Polic\u00eda de la Ciudad&#8221;.<\/p>\n\n\n\n<figure class=\"wp-block-image\"><img decoding=\"async\" src=\"https:\/\/tn.com.ar\/resizer\/v2\/mas-de-150-personas-fueron-detenidas-en-la-marcha-de-los-jubilados-y-las-barras-al-congreso-foto-leandro-herediatn-Y6GC4OFOXJHBDCTULLV36JIOFY.jpg?auth=26e787643343f7a137142da3e1e7278b4314dd574a917f9ceed14cbfbff47847&amp;width=767\" alt=\"M\u00e1s de 150 personas fueron detenidas en la marcha de los jubilados y las barras al Congreso. (Foto: Leandro Heredia\/TN.)\"\/><\/figure>\n\n\n\n<p>\u201cLa aplicaci\u00f3n de los protocolos y reglamentos vigentes en la materia lograron&nbsp;<strong>reducir y detener a los agresores&nbsp;<\/strong>que produjeron desmanes,<strong>&nbsp;arrojaron proyectiles y objetos punzocortantes<\/strong>&nbsp;contra efectivos, personas, bienes de dominio p\u00fablico y privado, veh\u00edculos y m\u00f3viles de las distintas fuerzas apostadas en el lugar&#8221;, agrega uno de los considerandos.<\/p>\n\n\n\n<p>En el cierre de la Resoluci\u00f3n, acusaron a los 26 hinchas que participaron de&nbsp;la marcha de los jubilados&nbsp;de \u201cprovocar&nbsp;<strong>heridas de distinta consideraci\u00f3n a 31 efectivos de las fuerzas de seguridad<\/strong>&nbsp;presentes en el operativo de prevenci\u00f3n&#8221;.<\/p>\n\n\n\n<p>La decisi\u00f3n del Gobierno de aplicar el derecho de admisi\u00f3n estaba tomada desde la semana pasada, seg\u00fan pudo saber&nbsp;<strong>,&nbsp;<\/strong>as\u00ed como tambi\u00e9n estaba decidido que iban a ser excluidos de la medida&nbsp;<strong>dos extranjeros y dos menores.<\/strong><\/p>\n\n\n\n<p>El Ejecutivo<strong>&nbsp;revis\u00f3 las c\u00e1maras que tomaron los hechos e investig\u00f3 las vinculaciones de los manifestantes<\/strong>&nbsp;que detuvieron para determinar su relaci\u00f3n con&nbsp;las barrabravas. En Naci\u00f3n sostienen que planean ampliar la medida a los detenidos por la Polic\u00eda de la Ciudad de Buenos Aires.<\/p>\n\n\n\n<p>Los cercanos al jefe de gobierno porte\u00f1o, Jorge Macri, aseguraron &nbsp;que&nbsp;<strong>les aplicar\u00e1n el derecho de admisi\u00f3n a sus detenidos una vez que est\u00e9n imputados por la Justicia<\/strong>. Se trata de 94 manifestantes, que ya fueron liberados en parte por la titular del Juzgado de Primera Instancia en lo Penal, Contravencional y de Faltas N\u00b0 15, Karina Andrade.<\/p>\n\n\n\n<p>La ministra de Seguridad,&nbsp;<strong>Patricia Bullrich<\/strong>, presentar\u00e1 este lunes a las 15:45 el Proyecto de Ley Antibarras, \u201cuna iniciativa destinada a combatir el accionar violento de las barrabravas\u201d, inform\u00f3 oficialmente la cartera.<\/p>\n\n\n\n<p>Seg\u00fan dijo, \u201cel proyecto establecer\u00e1 la declaraci\u00f3n de las barrabravas como<strong>&nbsp;un tipo especial de asociaci\u00f3n il\u00edcita,<\/strong>&nbsp;la responsabilizaci\u00f3n de los dirigentes de los clubes en la actuaci\u00f3n de estos grupos delictivos y la aplicaci\u00f3n de fuertes sanciones para erradicar cualquier tipo de violencia\u201d.<\/p>\n\n\n\n<p>El proyecto del Gobierno ser\u00e1 enviado al Congreso para que sea debatido por ambos cuerpos. Mientras, el Minsiterio de Seguridad prev\u00e9 un operativo similar al de la semana pasada para enfrentar la marcha de los jubilados en el Congreso. \u201c<strong>El objetivo es no dejarnos amedrentrar<\/strong>\u201d, indicaron  desde el oficialismo.<\/p>\n\n\n\n<p><\/p>\n","protected":false},"excerpt":{"rendered":"<p>Tal como anticip\u00f3 , el Ministerio de Seguridad les prohibi\u00f3 el acceso a todos los eventos deportivos por \u201catentado y resistencia a la autoridad\u201d. La mitad tiene antecedentes penales y&hellip; <\/p>\n","protected":false},"author":8,"featured_media":197105,"comment_status":"closed","ping_status":"open","sticky":false,"template":"","format":"standard","meta":{"footnotes":""},"categories":[3],"tags":[],"class_list":["post-197104","post","type-post","status-publish","format-standard","has-post-thumbnail","hentry","category-politica"],"_links":{"self":[{"href":"https:\/\/corrientesdetarde.com\/index.php\/wp-json\/wp\/v2\/posts\/197104","targetHints":{"allow":["GET"]}}],"collection":[{"href":"https:\/\/corrientesdetarde.com\/index.php\/wp-json\/wp\/v2\/posts"}],"about":[{"href":"https:\/\/corrientesdetarde.com\/index.php\/wp-json\/wp\/v2\/types\/post"}],"author":[{"embeddable":true,"href":"https:\/\/corrientesdetarde.com\/index.php\/wp-json\/wp\/v2\/users\/8"}],"replies":[{"embeddable":true,"href":"https:\/\/corrientesdetarde.com\/index.php\/wp-json\/wp\/v2\/comments?post=197104"}],"version-history":[{"count":2,"href":"https:\/\/corrientesdetarde.com\/index.php\/wp-json\/wp\/v2\/posts\/197104\/revisions"}],"predecessor-version":[{"id":197107,"href":"https:\/\/corrientesdetarde.com\/index.php\/wp-json\/wp\/v2\/posts\/197104\/revisions\/197107"}],"wp:featuredmedia":[{"embeddable":true,"href":"https:\/\/corrientesdetarde.com\/index.php\/wp-json\/wp\/v2\/media\/197105"}],"wp:attachment":[{"href":"https:\/\/corrientesdetarde.com\/index.php\/wp-json\/wp\/v2\/media?parent=197104"}],"wp:term":[{"taxonomy":"category","embeddable":true,"href":"https:\/\/corrientesdetarde.com\/index.php\/wp-json\/wp\/v2\/categories?post=197104"},{"taxonomy":"post_tag","embeddable":true,"href":"https:\/\/corrientesdetarde.com\/index.php\/wp-json\/wp\/v2\/tags?post=197104"}],"curies":[{"name":"wp","href":"https:\/\/api.w.org\/{rel}","templated":true}]}}