{"id":197108,"date":"2025-03-17T16:00:09","date_gmt":"2025-03-17T19:00:09","guid":{"rendered":"https:\/\/corrientesdetarde.com\/?p=197108"},"modified":"2025-03-17T16:00:13","modified_gmt":"2025-03-17T19:00:13","slug":"en-escuelas-rurales-se-realizan-talleres-sobre-chagas","status":"publish","type":"post","link":"https:\/\/corrientesdetarde.com\/index.php\/bienestar-y-salud\/en-escuelas-rurales-se-realizan-talleres-sobre-chagas\/","title":{"rendered":"En escuelas rurales se realizan talleres sobre Chagas"},"content":{"rendered":"\n<p><em>En el marco de la &#8220;Marat\u00f3n de la Salud&#8221;, la cartera sanitaria lleva adelante jornadas dirigidas a estudiantes, docentes y tutores. El objetivo es brindar informaci\u00f3n y concientizaci\u00f3n sobre esta problem\u00e1tica.<\/em><\/p>\n\n\n\n<p>El Ministerio de Salud P\u00fablica de la Provincia a trav\u00e9s de la Direcci\u00f3n de Educaci\u00f3n y Promoci\u00f3n de la Salud, inici\u00f3 talleres psicoeducativos en escuelas rurales. Esta tarea, se realiza en el marco de acciones para prevenir la enfermedad de Chagas.<\/p>\n\n\n\n<p>&#8220;La Marat\u00f3n de la Salud&#8221;, as\u00ed como se denomina este proyecto, comenz\u00f3 en la Escuela N\u00ba812 de San Luis del Palmar. Participaron 174 alumnos y 20 tutores, lo cual se replicar\u00e1 en otras instituciones educativas de las Regiones Sanitarias 1 y 2 de la Provincia.<\/p>\n\n\n\n<p>&#8220;Las actividades constan de talleres dirigidos a estudiantes de 4\u00b0, 5\u00b0 y 6\u00b0 grado. As\u00ed tambi\u00e9n a docentes y padres de las escuelas cabeceras de las localidades involucradas. Adem\u00e1s, se les entrega material did\u00e1ctico&#8221;, coment\u00f3 la directora de Educaci\u00f3n para la Salud, Sandra Godoy.<\/p>\n\n\n\n<p>A la vez, indic\u00f3 que las intervenciones se llevan adelante con la coordinaci\u00f3n de la jefa del Departamento de Chagas de la Direcci\u00f3n General de Epidemiolog\u00eda, Lili\u00e1n Perc\u00edncula. Dicho equipo realiza testeos voluntarios a ni\u00f1as de los \u00faltimos a\u00f1os, siempre con autorizaci\u00f3n de los tutores.<\/p>\n\n\n\n<p>&#8220;Esta tarea se realiza en el marco de las acciones para prevenir la enfermedad de Chagas o en su defecto llegar con un diagn\u00f3stico temprano y as\u00ed realizar el tratamiento correspondiente&#8221;, dijo Perc\u00edncula. Cabe recordar que en Corrientes se est\u00e1n realizando varias actividades en relaci\u00f3n a la Recertificaci\u00f3n de la Provincia Libre de Transmisi\u00f3n Vectorial domiciliaria de Chagas.<\/p>\n\n\n\n<p>La enfermedad, es una afecci\u00f3n parasitaria sist\u00e9mica cr\u00f3nica, transmitida por vectores y causada por el protozoario Trypanosoma cruzi.<\/p>\n","protected":false},"excerpt":{"rendered":"<p>En el marco de la &#8220;Marat\u00f3n de la Salud&#8221;, la cartera sanitaria lleva adelante jornadas dirigidas a estudiantes, docentes y tutores. El objetivo es brindar informaci\u00f3n y concientizaci\u00f3n sobre esta&hellip; <\/p>\n","protected":false},"author":8,"featured_media":197109,"comment_status":"closed","ping_status":"open","sticky":false,"template":"","format":"standard","meta":{"footnotes":""},"categories":[16],"tags":[],"class_list":["post-197108","post","type-post","status-publish","format-standard","has-post-thumbnail","hentry","category-bienestar-y-salud"],"_links":{"self":[{"href":"https:\/\/corrientesdetarde.com\/index.php\/wp-json\/wp\/v2\/posts\/197108","targetHints":{"allow":["GET"]}}],"collection":[{"href":"https:\/\/corrientesdetarde.com\/index.php\/wp-json\/wp\/v2\/posts"}],"about":[{"href":"https:\/\/corrientesdetarde.com\/index.php\/wp-json\/wp\/v2\/types\/post"}],"author":[{"embeddable":true,"href":"https:\/\/corrientesdetarde.com\/index.php\/wp-json\/wp\/v2\/users\/8"}],"replies":[{"embeddable":true,"href":"https:\/\/corrientesdetarde.com\/index.php\/wp-json\/wp\/v2\/comments?post=197108"}],"version-history":[{"count":1,"href":"https:\/\/corrientesdetarde.com\/index.php\/wp-json\/wp\/v2\/posts\/197108\/revisions"}],"predecessor-version":[{"id":197110,"href":"https:\/\/corrientesdetarde.com\/index.php\/wp-json\/wp\/v2\/posts\/197108\/revisions\/197110"}],"wp:featuredmedia":[{"embeddable":true,"href":"https:\/\/corrientesdetarde.com\/index.php\/wp-json\/wp\/v2\/media\/197109"}],"wp:attachment":[{"href":"https:\/\/corrientesdetarde.com\/index.php\/wp-json\/wp\/v2\/media?parent=197108"}],"wp:term":[{"taxonomy":"category","embeddable":true,"href":"https:\/\/corrientesdetarde.com\/index.php\/wp-json\/wp\/v2\/categories?post=197108"},{"taxonomy":"post_tag","embeddable":true,"href":"https:\/\/corrientesdetarde.com\/index.php\/wp-json\/wp\/v2\/tags?post=197108"}],"curies":[{"name":"wp","href":"https:\/\/api.w.org\/{rel}","templated":true}]}}