{"id":197248,"date":"2025-03-18T10:59:32","date_gmt":"2025-03-18T13:59:32","guid":{"rendered":"https:\/\/corrientesdetarde.com\/?p=197248"},"modified":"2025-03-18T10:59:35","modified_gmt":"2025-03-18T13:59:35","slug":"se-ratifico-la-reduccion-de-la-cuota-alimentaria-en-un-30-a-una-joven-universitaria","status":"publish","type":"post","link":"https:\/\/corrientesdetarde.com\/index.php\/crimen-y-justicia\/se-ratifico-la-reduccion-de-la-cuota-alimentaria-en-un-30-a-una-joven-universitaria\/","title":{"rendered":"Se ratific\u00f3 la\u00a0reducci\u00f3n de la cuota alimentaria en un 30%\u00a0a una joven universitaria"},"content":{"rendered":"\n<p>El Superior Tribunal de Justicia (STJ) de Corrientes inform\u00f3 este martes que ratific\u00f3 la&nbsp;<strong>reducci\u00f3n de la cuota alimentaria en un 30%<\/strong>&nbsp;a una joven universitaria, luego de que su padre, quien padece de la enfermedad de Parkinson, solicitara ayuda econ\u00f3mica.&nbsp;<\/p>\n\n\n\n<p>La C\u00e1mara, al evaluar la situaci\u00f3n, concluy\u00f3 que la joven no hab\u00eda presentado pruebas suficientes que acreditaran que sus estudios universitarios le imposibilitaban realizar un trabajo a tiempo parcial.<br>Adem\u00e1s, se consider\u00f3 que la joven contaba con una beca Progresar, lo que indicaba que no depend\u00eda \u00fanicamente de la cuota alimentaria para su sustento.<\/p>\n\n\n\n<p>Con base en estos argumentos,&nbsp;&nbsp;<strong>resolvi\u00f3 reducir la cuota alimentaria del 100% al 70%<\/strong>, tal como solicitaba el padre.<\/p>\n\n\n\n<p>El caso comenz\u00f3 cuando el hombre solicit\u00f3 la reducci\u00f3n de la cuota alimentaria que deb\u00eda abonar a su hija, una universitaria de 21 a\u00f1os. El padre argument\u00f3 que su condici\u00f3n de salud, espec\u00edficamente su diagn\u00f3stico de P\u00e1rkinson, hab\u00eda afectado su capacidad econ\u00f3mica, lo que justificaba una disminuci\u00f3n en el monto que deb\u00eda entregarle a su hija. Hasta esa fecha,&nbsp;<strong>la joven recib\u00eda una suma equivalente al Salario M\u00ednimo Vital y M\u00f3vil, que en la actualidad es de $296.832 pesos.<\/strong><\/p>\n\n\n\n<p>En la primera instancia, la jueza rechaz\u00f3 el pedido del hombre, ya que la joven a\u00fan no hab\u00eda cumplido los 21 a\u00f1os. Seg\u00fan la legislaci\u00f3n vigente, en ese rango de edad es el padre quien debe demostrar que la hija no necesita el dinero. Sin embargo, cuando el expediente lleg\u00f3 a la C\u00e1mara, la joven ya hab\u00eda superado la mayor\u00eda de edad, lo que modific\u00f3 el enfoque del caso.<\/p>\n\n\n\n<p><strong>A partir de los 21 a\u00f1os y hasta los 25, la carga de la prueba recae en el hijo beneficiario de la ayuda econ\u00f3mica, quien debe demostrar que sus estudios le impiden trabajar y, por lo tanto, sustentar su propio bienestar.<\/strong><\/p>\n\n\n\n<p>La C\u00e1mara, al evaluar la situaci\u00f3n, concluy\u00f3 que la joven no hab\u00eda presentado pruebas suficientes que acreditaran que sus estudios universitarios le imposibilitaban realizar un trabajo a tiempo parcial.<br>Adem\u00e1s, se consider\u00f3 que la joven contaba con una beca Progresar, lo que indicaba que no depend\u00eda \u00fanicamente de la cuota alimentaria para su sustento.&nbsp;<\/p>\n\n\n\n<p>La defensa de la joven apel\u00f3 la decisi\u00f3n ante el STJ, argumentando que no se hab\u00eda probado una disminuci\u00f3n de los ingresos del padre. Sin embargo, el m\u00e1ximo tribunal desestim\u00f3 el recurso y confirm\u00f3 la reducci\u00f3n de la cuota. En este caso, se valor\u00f3 que la joven solo hab\u00eda aprobado tres materias desde que comenz\u00f3 la carrera, lo que refuerza la idea de que no se encontraba en una situaci\u00f3n de vulnerabilidad econ\u00f3mica extrema.<\/p>\n\n\n\n<p>El ministro del STJ, Guillermo Horacio Semhan, fue el encargado de declarar inadmisible el recurso extraordinario de inaplicabilidad de la ley presentado por la joven, una postura que fue respaldada por los otros miembros del tribunal. La sentencia fue clara: la reducci\u00f3n de la cuota alimentaria era razonable, dado el contexto y las pruebas presentadas.<\/p>\n\n\n\n<p>Este fallo resalta la importancia de la responsabilidad compartida en los casos de alimentos y el equilibrio entre las necesidades de los hijos adultos y las capacidades econ\u00f3micas de los padres, especialmente en situaciones de vulnerabilidad.<\/p>\n","protected":false},"excerpt":{"rendered":"<p>El Superior Tribunal de Justicia (STJ) de Corrientes inform\u00f3 este martes que ratific\u00f3 la&nbsp;reducci\u00f3n de la cuota alimentaria en un 30%&nbsp;a una joven universitaria, luego de que su padre, quien&hellip; <\/p>\n","protected":false},"author":1,"featured_media":180698,"comment_status":"closed","ping_status":"open","sticky":false,"template":"","format":"standard","meta":{"footnotes":""},"categories":[5],"tags":[],"class_list":["post-197248","post","type-post","status-publish","format-standard","has-post-thumbnail","hentry","category-crimen-y-justicia"],"_links":{"self":[{"href":"https:\/\/corrientesdetarde.com\/index.php\/wp-json\/wp\/v2\/posts\/197248","targetHints":{"allow":["GET"]}}],"collection":[{"href":"https:\/\/corrientesdetarde.com\/index.php\/wp-json\/wp\/v2\/posts"}],"about":[{"href":"https:\/\/corrientesdetarde.com\/index.php\/wp-json\/wp\/v2\/types\/post"}],"author":[{"embeddable":true,"href":"https:\/\/corrientesdetarde.com\/index.php\/wp-json\/wp\/v2\/users\/1"}],"replies":[{"embeddable":true,"href":"https:\/\/corrientesdetarde.com\/index.php\/wp-json\/wp\/v2\/comments?post=197248"}],"version-history":[{"count":1,"href":"https:\/\/corrientesdetarde.com\/index.php\/wp-json\/wp\/v2\/posts\/197248\/revisions"}],"predecessor-version":[{"id":197253,"href":"https:\/\/corrientesdetarde.com\/index.php\/wp-json\/wp\/v2\/posts\/197248\/revisions\/197253"}],"wp:featuredmedia":[{"embeddable":true,"href":"https:\/\/corrientesdetarde.com\/index.php\/wp-json\/wp\/v2\/media\/180698"}],"wp:attachment":[{"href":"https:\/\/corrientesdetarde.com\/index.php\/wp-json\/wp\/v2\/media?parent=197248"}],"wp:term":[{"taxonomy":"category","embeddable":true,"href":"https:\/\/corrientesdetarde.com\/index.php\/wp-json\/wp\/v2\/categories?post=197248"},{"taxonomy":"post_tag","embeddable":true,"href":"https:\/\/corrientesdetarde.com\/index.php\/wp-json\/wp\/v2\/tags?post=197248"}],"curies":[{"name":"wp","href":"https:\/\/api.w.org\/{rel}","templated":true}]}}