{"id":197260,"date":"2025-03-18T13:36:42","date_gmt":"2025-03-18T16:36:42","guid":{"rendered":"https:\/\/corrientesdetarde.com\/?p=197260"},"modified":"2025-03-18T13:36:45","modified_gmt":"2025-03-18T16:36:45","slug":"desde-este-miercoles-19-se-paga-el-plus-complementario-y-la-diferencia-del-que-se-abono-la-semana-pasada","status":"publish","type":"post","link":"https:\/\/corrientesdetarde.com\/index.php\/locales\/desde-este-miercoles-19-se-paga-el-plus-complementario-y-la-diferencia-del-que-se-abono-la-semana-pasada\/","title":{"rendered":"Desde este mi\u00e9rcoles 19 se paga el plus complementario y la diferencia del que se abon\u00f3 la semana pasada"},"content":{"rendered":"\n<p><em>El cronograma de este complementario de marzo se extender\u00e1 hasta el viernes 21, seg\u00fan anunci\u00f3 el intendente Eduardo Tassano a trav\u00e9s de sus redes. En esta ocasi\u00f3n se pagar\u00e1, ya con nuevo aumento, el plus correspondiente y de manera simult\u00e1nea la diferencia del adicional anterior, liquidado d\u00edas antes de que se determine en Mesa Paritaria los incrementos salariales 2025.<\/em>&nbsp;De esta forma, los trabajadores de planta, contrato y los agentes Neike bancarizados tendr\u00e1n depositado el pago del plus y la diferencia del pago anterior en sus respectivas cuentas bancarias el mismo mi\u00e9rcoles 19 de marzo, dinero al que podr\u00e1n acceder a trav\u00e9s de los cajeros autom\u00e1ticos habilitados.Por su parte, aquellos trabajadores Neike que no est\u00e1n bancarizados deber\u00e1n dirigirse a la Caja Municipal de Pr\u00e9stamos (CMP), en su sede central, ubicada en Brasil 1269. Los pagos se realizan de lunes a viernes, de 7:30 a 12:30 y de 16 a 20.En este caso, el mi\u00e9rcoles 19 de marzo les corresponder\u00e1 cobrar a los trabajadores cuyo DNI terminen en 0, 1 y 2; en tanto que el jueves 20 de marzo se pagar\u00e1 a los agentes con DNI finalizados en 3, 4, 5 y 6; y concluir\u00e1 el viernes 21 de marzo con los que tengan documentos que finalicen en 7, 8 y 9.En tanto, los Neike bancarizados pero que no poseen tarjeta de d\u00e9bito, deber\u00e1n cobrar por ventanilla del Banco de Corrientes (sucursal av. Teniente Ib\u00e1\u00f1ez 1826) de acuerdo al cronograma detallado anteriormente y que va del mi\u00e9rcoles 19 al viernes 21 de marzo.<\/p>\n\n\n\n<p><\/p>\n\n\n\n<figure class=\"wp-block-image size-large\"><img loading=\"lazy\" decoding=\"async\" width=\"576\" height=\"1024\" src=\"https:\/\/corrientesdetarde.com\/wp-content\/uploads\/2025\/03\/image-694-576x1024.png\" alt=\"\" class=\"wp-image-197261\" srcset=\"https:\/\/corrientesdetarde.com\/wp-content\/uploads\/2025\/03\/image-694-576x1024.png 576w, https:\/\/corrientesdetarde.com\/wp-content\/uploads\/2025\/03\/image-694-169x300.png 169w, https:\/\/corrientesdetarde.com\/wp-content\/uploads\/2025\/03\/image-694.png 720w\" sizes=\"auto, (max-width: 576px) 100vw, 576px\" \/><\/figure>\n\n\n\n<p><\/p>\n","protected":false},"excerpt":{"rendered":"<p>El cronograma de este complementario de marzo se extender\u00e1 hasta el viernes 21, seg\u00fan anunci\u00f3 el intendente Eduardo Tassano a trav\u00e9s de sus redes. En esta ocasi\u00f3n se pagar\u00e1, ya&hellip; <\/p>\n","protected":false},"author":8,"featured_media":197262,"comment_status":"closed","ping_status":"open","sticky":false,"template":"","format":"standard","meta":{"footnotes":""},"categories":[8],"tags":[],"class_list":["post-197260","post","type-post","status-publish","format-standard","has-post-thumbnail","hentry","category-locales"],"_links":{"self":[{"href":"https:\/\/corrientesdetarde.com\/index.php\/wp-json\/wp\/v2\/posts\/197260","targetHints":{"allow":["GET"]}}],"collection":[{"href":"https:\/\/corrientesdetarde.com\/index.php\/wp-json\/wp\/v2\/posts"}],"about":[{"href":"https:\/\/corrientesdetarde.com\/index.php\/wp-json\/wp\/v2\/types\/post"}],"author":[{"embeddable":true,"href":"https:\/\/corrientesdetarde.com\/index.php\/wp-json\/wp\/v2\/users\/8"}],"replies":[{"embeddable":true,"href":"https:\/\/corrientesdetarde.com\/index.php\/wp-json\/wp\/v2\/comments?post=197260"}],"version-history":[{"count":1,"href":"https:\/\/corrientesdetarde.com\/index.php\/wp-json\/wp\/v2\/posts\/197260\/revisions"}],"predecessor-version":[{"id":197263,"href":"https:\/\/corrientesdetarde.com\/index.php\/wp-json\/wp\/v2\/posts\/197260\/revisions\/197263"}],"wp:featuredmedia":[{"embeddable":true,"href":"https:\/\/corrientesdetarde.com\/index.php\/wp-json\/wp\/v2\/media\/197262"}],"wp:attachment":[{"href":"https:\/\/corrientesdetarde.com\/index.php\/wp-json\/wp\/v2\/media?parent=197260"}],"wp:term":[{"taxonomy":"category","embeddable":true,"href":"https:\/\/corrientesdetarde.com\/index.php\/wp-json\/wp\/v2\/categories?post=197260"},{"taxonomy":"post_tag","embeddable":true,"href":"https:\/\/corrientesdetarde.com\/index.php\/wp-json\/wp\/v2\/tags?post=197260"}],"curies":[{"name":"wp","href":"https:\/\/api.w.org\/{rel}","templated":true}]}}