{"id":197264,"date":"2025-03-18T13:40:24","date_gmt":"2025-03-18T16:40:24","guid":{"rendered":"https:\/\/corrientesdetarde.com\/?p=197264"},"modified":"2025-03-18T13:40:30","modified_gmt":"2025-03-18T16:40:30","slug":"tregua-entre-rusia-y-ucrania-trump-y-putin-mantienen-una-llamada-desde-hace-mas-de-una-hora","status":"publish","type":"post","link":"https:\/\/corrientesdetarde.com\/index.php\/internacionales\/tregua-entre-rusia-y-ucrania-trump-y-putin-mantienen-una-llamada-desde-hace-mas-de-una-hora\/","title":{"rendered":"Tregua entre Rusia y Ucrania: Trump y Putin mantienen una llamada desde hace m\u00e1s de una hora"},"content":{"rendered":"\n<p>El vicejefe de Gabinete de la Casa Blanca detall\u00f3 que la conversaci\u00f3n empez\u00f3 a las 10, hora de Washington. \u201cLa llamada va bien y sigue en curso\u201d, se\u00f1al\u00f3.<\/p>\n\n\n\n<p><strong>Donald Trump<\/strong> y\u00a0<strong>Vladimir Putin<\/strong> mantienen una llamada desde hace m\u00e1s de una hora con el objetivo de negociar un\u00a0<strong>cese del fuego\u00a0<\/strong>en Ucrania.<\/p>\n\n\n\n<p>El vicejefe de Gabinete de la Casa Blanca,&nbsp;<strong>Dan Scavino,<\/strong>&nbsp;detall\u00f3 que la conversaci\u00f3n empez\u00f3 a las 10 (hora de Washington), en el Sal\u00f3n Oval. \u201c<strong>La llamada va bien y sigue en curso<\/strong>\u201d, se\u00f1al\u00f3 en su cuenta de la red social X (exTwitter).<\/p>\n\n\n\n<p>Se trata de la segunda llamada que mantienen los l\u00edderes de&nbsp;<strong>Estados Unidos<\/strong>&nbsp;y&nbsp;<strong>Rusia&nbsp;<\/strong>desde que Trump volvi\u00f3 a la Casa Blanca, tras la conversaci\u00f3n que mantuvieron el pasado 12 de febrero.<\/p>\n\n\n\n<p>Sin embargo, este llamado es diferente al anterior debido a que es la primera comunicaci\u00f3n luego de que el presidente ucraniano,&nbsp;<strong>Volodimir Zelenski,&nbsp;<\/strong>acept\u00f3&nbsp;<strong>negociar un alto al fuego,<\/strong>&nbsp;bajo presi\u00f3n de Estados Unidos.<\/p>\n\n\n\n<p>El presidente estadounidense congel\u00f3 la ayuda militar y de inteligencia a Ucrania, y Zelenski finalmente negociar un alto el fuego con Rusia y<strong>&nbsp;firmar un acuerdo sobre la explotaci\u00f3n de minerales estrat\u00e9gicos<\/strong>&nbsp;con Estados Unidos.<\/p>\n\n\n\n<figure class=\"wp-block-image\"><img decoding=\"async\" src=\"https:\/\/tn.com.ar\/resizer\/v2\/el-presidente-ucraniano-volodimir-zelenski-participo-en-una-reunion-con-lideres-europeos-en-bruselas-foto-nicolas-maeterlinckpool-via-reuters-CMPI77VVVRCYFM77YFPVUV3SCQ.jpg?auth=98cf7fbeea3c78f18271c7d75b790f98affead86c3acb158a164588b2ed857e6&amp;width=767\" alt=\"El presidente ucraniano, Volodimir Zelenski, particip\u00f3 en una reuni\u00f3n con l\u00edderes europeos en Bruselas (Foto:  Nicolas Maeterlinck\/Pool v\u00eda REUTERS)\"\/><\/figure>\n\n\n\n<p>En la previa, el portavoz del Kremlin,&nbsp;<strong>Dmitry Peskov,&nbsp;<\/strong>decidi\u00f3 no dar detalles sobre los temas que se iban a discutir en la llamada: \u201cEl contenido de las conversaciones entre dos presidentes&nbsp;<strong>no est\u00e1 sujeto a ninguna discusi\u00f3n previa\u201d<\/strong><strong>.<\/strong><\/p>\n\n\n\n<p>Mientras que el mandatario estadounidense adelant\u00f3 que iba a hablar con su par ruso sobre &#8220;<strong>tierras&#8221;, \u201ccentrales el\u00e9ctricas\u201d y \u201cdividir ciertos activos\u201d.<\/strong><\/p>\n\n\n\n<p>Trump pareci\u00f3 referirse a<strong>&nbsp;la central nuclear de Zaporiyia<\/strong>, la mayor de Europa, que est\u00e1 bajo control ruso desde 2022 y que desde que comenz\u00f3 la invasi\u00f3n est\u00e1&nbsp;<strong>atrapada en el fuego cruzado&nbsp;<\/strong>de forma reiterada.<\/p>\n\n\n\n<p>El Organismo Internacional de Energ\u00eda At\u00f3mica de la ONU ha expresado varias veces su alarma ante los temores de<strong>&nbsp;una posible cat\u00e1strofe nuclear&nbsp;<\/strong>en la planta.<\/p>\n\n\n\n<p><a href=\"https:\/\/tn.com.ar\/internacional\/2025\/03\/17\/cientificos-aislados-en-una-base-en-la-antartida-denuncian-que-un-companero-abuso-de-ellos-y-los-amenazo\/\"><\/a><\/p>\n\n\n\n<p>Las conversaciones sobre el fin de la guerra se han acelerado en las \u00faltimas semanas, mientras el l\u00edder de la Casa Blanca quiere<strong>&nbsp;cumplir con su promesa de campa\u00f1a de frenar la guerra inmediatamente<\/strong>.<\/p>\n\n\n\n<p>Rusia hasta ahora&nbsp;<strong>no ha mostrado se\u00f1ales de aceptar ese acuerdo<\/strong>&nbsp;ni de avanzar en un cese del fuego. No quiere ceder los territorios que ha capturado desde la invasi\u00f3n y rechaza el ingreso de Ucrania a la OTAN. Adem\u00e1s, aceler\u00f3 sus ataques contra Ucrania y los dos pa\u00edses mantuvieron intensos combates a\u00e9reos durante el fin de semana.<\/p>\n","protected":false},"excerpt":{"rendered":"<p>El vicejefe de Gabinete de la Casa Blanca detall\u00f3 que la conversaci\u00f3n empez\u00f3 a las 10, hora de Washington. \u201cLa llamada va bien y sigue en curso\u201d, se\u00f1al\u00f3. Donald Trump&hellip; <\/p>\n","protected":false},"author":8,"featured_media":197265,"comment_status":"closed","ping_status":"open","sticky":false,"template":"","format":"standard","meta":{"footnotes":""},"categories":[11],"tags":[],"class_list":["post-197264","post","type-post","status-publish","format-standard","has-post-thumbnail","hentry","category-internacionales"],"_links":{"self":[{"href":"https:\/\/corrientesdetarde.com\/index.php\/wp-json\/wp\/v2\/posts\/197264","targetHints":{"allow":["GET"]}}],"collection":[{"href":"https:\/\/corrientesdetarde.com\/index.php\/wp-json\/wp\/v2\/posts"}],"about":[{"href":"https:\/\/corrientesdetarde.com\/index.php\/wp-json\/wp\/v2\/types\/post"}],"author":[{"embeddable":true,"href":"https:\/\/corrientesdetarde.com\/index.php\/wp-json\/wp\/v2\/users\/8"}],"replies":[{"embeddable":true,"href":"https:\/\/corrientesdetarde.com\/index.php\/wp-json\/wp\/v2\/comments?post=197264"}],"version-history":[{"count":1,"href":"https:\/\/corrientesdetarde.com\/index.php\/wp-json\/wp\/v2\/posts\/197264\/revisions"}],"predecessor-version":[{"id":197266,"href":"https:\/\/corrientesdetarde.com\/index.php\/wp-json\/wp\/v2\/posts\/197264\/revisions\/197266"}],"wp:featuredmedia":[{"embeddable":true,"href":"https:\/\/corrientesdetarde.com\/index.php\/wp-json\/wp\/v2\/media\/197265"}],"wp:attachment":[{"href":"https:\/\/corrientesdetarde.com\/index.php\/wp-json\/wp\/v2\/media?parent=197264"}],"wp:term":[{"taxonomy":"category","embeddable":true,"href":"https:\/\/corrientesdetarde.com\/index.php\/wp-json\/wp\/v2\/categories?post=197264"},{"taxonomy":"post_tag","embeddable":true,"href":"https:\/\/corrientesdetarde.com\/index.php\/wp-json\/wp\/v2\/tags?post=197264"}],"curies":[{"name":"wp","href":"https:\/\/api.w.org\/{rel}","templated":true}]}}