{"id":197267,"date":"2025-03-18T13:44:21","date_gmt":"2025-03-18T16:44:21","guid":{"rendered":"https:\/\/corrientesdetarde.com\/?p=197267"},"modified":"2025-03-18T13:44:25","modified_gmt":"2025-03-18T16:44:25","slug":"el-presidente-de-la-conmebol-hizo-un-papeleon-historico-con-una-declaracion-racista-y-tuvo-que-pedir-disculpas","status":"publish","type":"post","link":"https:\/\/corrientesdetarde.com\/index.php\/deportes\/el-presidente-de-la-conmebol-hizo-un-papeleon-historico-con-una-declaracion-racista-y-tuvo-que-pedir-disculpas\/","title":{"rendered":"El presidente de la Conmebol hizo un papele\u00f3n hist\u00f3rico con una declaraci\u00f3n racista y tuvo que pedir disculpas"},"content":{"rendered":"\n<p>Alejandro Dom\u00ednguez tuvo una respuesta poco feliz cuando fue consultado sobre los hechos de racismo y la supuesta salida de los equipos brasile\u00f1os de la Copa Libertadores.<\/p>\n\n\n\n<p>Alejandro Dom\u00ednguez tuvo una respuesta poco feliz cuando fue consultado sobre los hechos de racismo y la supuesta salida de los equipos brasile\u00f1os de la Copa Libertadores.<\/p>\n\n\n\n<p><strong>Alejandro Dom\u00ednguez<\/strong>, presidente de la Conmebol, hizo un<strong>\u00a0papel\u00f3n hist\u00f3rico en medio de la discusi\u00f3n sobre el racismo en el f\u00fatbol de Sudam\u00e9rica<\/strong>, que tiene a los equipos brasile\u00f1os como principales agredidos.<\/p>\n\n\n\n<p>El dirigente paraguayo fue consultado acerca de<strong>\u00a0la idea de la presidenta del Palmeiras, que sugiri\u00f3 ir a jugar las competiciones de Concacaf<\/strong>si la Conmebol termina con las burlas y situaciones racistas.<\/p>\n\n\n\n<p>Su respuesta fue poco feliz:&nbsp;<strong>\u201cUna Copa Libertadores sin equipos brasile\u00f1os ser\u00eda como Tarzan sin Chita\u201d<\/strong>, dijo entre risas Dom\u00ednguez, descartando la posibilidad de que suceda.<\/p>\n\n\n\n<figure class=\"wp-block-image\"><img decoding=\"async\" src=\"https:\/\/tn.com.ar\/resizer\/v2\/alejandro-dominguez-presidente-de-la-conmebol-hizo-un-papelon-historico-en-medio-de-la-discusion-sobre-el-racismo-en-el-futbol-de-sudamerica-que-tiene-a-los-equipos-brasilenos-como-principales-protagonistas-reutersfrancisco-loureiro-B4JSYDRSYHTEGZES2SE6JGADWE.jpg?auth=a3222a7e2701b582c04259f41ed20b61ffe0e16e3d894b94af75e67479235195&amp;width=767\" alt=\"Alejandro Dom\u00ednguez, presidente de la Conmebol, hizo un papel\u00f3n hist\u00f3rico en medio de la discusi\u00f3n sobre el racismo en el f\u00fatbol de Sudam\u00e9rica, que tiene a los equipos brasile\u00f1os como principales protagonistas. (REUTERS\/Francisco Loureiro)\"\/><\/figure>\n\n\n\n<p>La frase no cay\u00f3 nada bien en los hinchas brasile\u00f1os, que se sintieron ofendidos y discriminados al compararlos con una mona. Por ese motivo,&nbsp;<strong>el dirigente tuvo que salir a pedir disculpas p\u00fablicas a trav\u00e9s de sus redes sociales.<\/strong><\/p>\n\n\n\n<p>\u201cEn relaci\u00f3n con mis recientes declaraciones, quiero expresar mis disculpas.&nbsp;<strong>La expresi\u00f3n que utilic\u00e9 es una frase popular y jam\u00e1s tuve la intenci\u00f3n de menospreciar ni descalificar a nadie.&nbsp;<\/strong>La CONMEBOL Libertadores es impensable sin la participaci\u00f3n de clubes de los 10 pa\u00edses miembros\u201d, indic\u00f3 Dom\u00ednguez..<\/p>\n\n\n\n<figure class=\"wp-block-image\"><img decoding=\"async\" src=\"https:\/\/tn.com.ar\/resizer\/v2\/el-pedido-de-disculpas-de-alejandro-dominguez-alejandro-dominguez-tw-Z3G6XVAMVNESJKKI4YKZNCPR2A.jpeg?auth=f7a89d9605a79fdf08fd76b3bf3ad031695976974a2047ff6e53abd11c56e622&amp;width=767\" alt=\"El pedido de disculpas de Alejandro Dom\u00ednguez. (Alejandro Dom\u00ednguez TW)\"\/><\/figure>\n\n\n\n<p>\u201cSiempre he promovido el respeto y la inclusi\u00f3n en el f\u00fatbol y en la sociedad, valores fundamentales para la CONMEBOL. Reafirmo mi compromiso de seguir trabajando por un f\u00fatbol m\u00e1s justo, unido y libre de discriminaci\u00f3n\u201d, finaliz\u00f3.<\/p>\n\n\n\n<h2 class=\"wp-block-heading\">Qu\u00e9 dijo la presidenta del Palmeiras con respecto al racismo en Sudam\u00e9rica<\/h2>\n\n\n\n<p>Tras la sanci\u00f3n impuesta a\u00a0<strong>Cerro Porte\u00f1o\u00a0<\/strong>por los\u00a0<strong>actos de racismo<\/strong>\u00a0protagonizados por sus hinchas contra futbolistas de\u00a0<strong>Palmeiras<\/strong>\u00a0en la Copa\u00a0<strong>Copa Libertadores Sub 20<\/strong>, la presidenta del club emiti\u00f3 duras declaraciones en contra de la\u00a0<strong>Conmebol<\/strong>\u00a0y amenaz\u00f3 con la posibilidad de que el club se cambie a la\u00a0<strong>Concacaf<\/strong>.<\/p>\n\n\n\n<p>El episodio ocurrido el pasado 6 de marzo durante el partido Grupo C del certamen internacional, cuando<strong>&nbsp;dos jugadores del&nbsp;<\/strong><em><strong>Verdao<\/strong><\/em><strong>&nbsp;fueron v\u00edctimas de discriminaci\u00f3n<\/strong>, tuvo grandes repercusiones. En las \u00faltimas horas, la m\u00e1xima autoridad del conjunto brasile\u00f1o,<strong>&nbsp;Leila Pereira<\/strong>, se mostr\u00f3&nbsp;<strong>muy disconforme<\/strong>&nbsp;con la sanci\u00f3n impuesta por la Confederaci\u00f3n Sudamericana de F\u00fatbol.<\/p>\n\n\n\n<figure class=\"wp-block-image\"><img decoding=\"async\" src=\"https:\/\/tn.com.ar\/resizer\/v2\/leila-pereira-presidenta-del-palmeiras-foto-reuters-NG75YHGEDFDWREEGWXWWFCDERA.jpg?auth=27de4b1e840ebd140c1d622f474e23256f0b30cb15fbaa3137675eece5aed55c&amp;width=767\" alt=\"Leila Pereira, presidenta del Palmeiras (Foto: Reuters)\"\/><\/figure>\n\n\n\n<p>\u201c<strong>Necesitamos tomar medidas firmes<\/strong>\u00a0respecto a Conmebol. Brasil representa el 60% de los ingresos, sin embargo, los clubes brasile\u00f1os son tratados de esta manera\u201d, expres\u00f3 la presidenta, quien luego sugiri\u00f3 la idea de abandonar la confederaci\u00f3n y unirse a la Confederaci\u00f3n de Norteam\u00e9rica, Centroam\u00e9rica y el Caribe de F\u00fatbol. \u201cEstoy proponiendo una idea: dado que Conmebol no puede gestionar los clubes brasile\u00f1os con el respeto que merecen,\u00a0<strong>\u00bfPor qu\u00e9 no considerar alinearnos con Concacaf que nos conviene econ\u00f3micamente?. Dejemos Conmebol y traslad\u00e9monos a Concacaf<\/strong>. Creo que esta es la \u00fanica manera en que respetar\u00e1n el futbol brasile\u00f1o\u201d, declar\u00f3 en di\u00e1logo con  Brasil.<\/p>\n\n\n\n<p>Adem\u00e1s, anunci\u00f3 que se reunir\u00e1 con representantes para discutir la propuesta y tomar una decisi\u00f3n. \u201cEs algo en lo que pensar. Siscutir\u00e9 esto con los clubes brasile\u00f1os presentes y con Ednaldo Rodrigues, presidente de la CBF.&nbsp;<strong>Es una semilla a plantar<\/strong>. Financieramente, ser\u00eda sin duda mucho mejor para todos los clubes brasile\u00f1os\u201d, concluy\u00f3.<\/p>\n","protected":false},"excerpt":{"rendered":"<p>Alejandro Dom\u00ednguez tuvo una respuesta poco feliz cuando fue consultado sobre los hechos de racismo y la supuesta salida de los equipos brasile\u00f1os de la Copa Libertadores. Alejandro Dom\u00ednguez tuvo&hellip; <\/p>\n","protected":false},"author":8,"featured_media":197268,"comment_status":"closed","ping_status":"open","sticky":false,"template":"","format":"standard","meta":{"footnotes":""},"categories":[4],"tags":[],"class_list":["post-197267","post","type-post","status-publish","format-standard","has-post-thumbnail","hentry","category-deportes"],"_links":{"self":[{"href":"https:\/\/corrientesdetarde.com\/index.php\/wp-json\/wp\/v2\/posts\/197267","targetHints":{"allow":["GET"]}}],"collection":[{"href":"https:\/\/corrientesdetarde.com\/index.php\/wp-json\/wp\/v2\/posts"}],"about":[{"href":"https:\/\/corrientesdetarde.com\/index.php\/wp-json\/wp\/v2\/types\/post"}],"author":[{"embeddable":true,"href":"https:\/\/corrientesdetarde.com\/index.php\/wp-json\/wp\/v2\/users\/8"}],"replies":[{"embeddable":true,"href":"https:\/\/corrientesdetarde.com\/index.php\/wp-json\/wp\/v2\/comments?post=197267"}],"version-history":[{"count":1,"href":"https:\/\/corrientesdetarde.com\/index.php\/wp-json\/wp\/v2\/posts\/197267\/revisions"}],"predecessor-version":[{"id":197269,"href":"https:\/\/corrientesdetarde.com\/index.php\/wp-json\/wp\/v2\/posts\/197267\/revisions\/197269"}],"wp:featuredmedia":[{"embeddable":true,"href":"https:\/\/corrientesdetarde.com\/index.php\/wp-json\/wp\/v2\/media\/197268"}],"wp:attachment":[{"href":"https:\/\/corrientesdetarde.com\/index.php\/wp-json\/wp\/v2\/media?parent=197267"}],"wp:term":[{"taxonomy":"category","embeddable":true,"href":"https:\/\/corrientesdetarde.com\/index.php\/wp-json\/wp\/v2\/categories?post=197267"},{"taxonomy":"post_tag","embeddable":true,"href":"https:\/\/corrientesdetarde.com\/index.php\/wp-json\/wp\/v2\/tags?post=197267"}],"curies":[{"name":"wp","href":"https:\/\/api.w.org\/{rel}","templated":true}]}}