{"id":197273,"date":"2025-03-18T13:50:20","date_gmt":"2025-03-18T16:50:20","guid":{"rendered":"https:\/\/corrientesdetarde.com\/?p=197273"},"modified":"2025-03-18T13:50:24","modified_gmt":"2025-03-18T16:50:24","slug":"marcha-al-congreso-santiago-caputo-se-reunio-con-bullrich-y-los-jefes-de-la-side-para-afinar-el-operativo","status":"publish","type":"post","link":"https:\/\/corrientesdetarde.com\/index.php\/politica\/marcha-al-congreso-santiago-caputo-se-reunio-con-bullrich-y-los-jefes-de-la-side-para-afinar-el-operativo\/","title":{"rendered":"Marcha al Congreso: Santiago Caputo se reuni\u00f3 con Bullrich y los jefes de la SIDE para afinar el operativo"},"content":{"rendered":"\n<p>El asesor presidencial recibi\u00f3 a las 11 a la ministra de Seguridad, al secretario de Inteligencia del Estado, Sergio Neiffert, y al jefe de operaciones de Inteligencia, Diego Kravetz.<a href=\"https:\/\/tn.com.ar\/autor\/Isalerno\/\"><\/a><\/p>\n\n\n\n<p><strong>La\u00a0Casa Rosada\u00a0mantuvo una cumbre de\u00a0Seguridad\u00a0para afinar detalles del operativo<\/strong>\u00a0por la marcha de los jubilados de este mi\u00e9rcoles, a la que asistir\u00e1n sindicatos y movimientos sociales. El Ejecutivo sostiene que har\u00e1 controles en los accesos a la Ciudad de Buenos Aires y que mantendr\u00e1 la tarea del Comando Unificado de Fuerzas Federales.<\/p>\n\n\n\n<p>El asesor presidencial&nbsp;<strong>Santiago Caputo recibi\u00f3 a las 11 a la ministra de Seguridad, Patricia Bullrich, al secretario de Inteligencia del Estado (SIDE), Sergio Neiffert<\/strong>, y al jefe de operaciones de Inteligencia, Diego Kravetz. \u201cPreparamos un esquema para reaccionar a la violencia, como el mi\u00e9rcoles pasado\u201d, expresan en Naci\u00f3n.<\/p>\n\n\n\n<p>El viceministro de Justicia,&nbsp;<strong>Sebasti\u00e1n Amerio, y el secretario de Transporte, Franco Mogetta, tambi\u00e9n formaron parte del encuentro<\/strong>&nbsp;en el despacho del consultor. En Balcarce 50 manifiestan que la se reuni\u00f3n se organiz\u00f3 para definir adem\u00e1s la l\u00ednea pol\u00edtica del oficialismo sobre la movilizaci\u00f3n.<\/p>\n\n\n\n<p>La Casa Rosada&nbsp;<strong>no espera que participen barrasbravas de la manifestaci\u00f3n&nbsp;<\/strong>y mantiene la postura de que \u201ces una marcha pol\u00edtica que busca desestabilizar la gesti\u00f3n\u201d. Preparan un operativo de m\u00e1s de 1000 agentes de Gendarmer\u00eda, Polic\u00eda Federal, Polic\u00eda de Seguridad Aeoportuaria y Prefectura.<\/p>\n\n\n\n<figure class=\"wp-block-image\"><img decoding=\"async\" src=\"https:\/\/tn.com.ar\/resizer\/v2\/el-secretario-de-inteligencia-del-estado-side-sergio-neiffert-participa-de-la-reunion-que-encabeza-el-asesor-presidencial-santiago-caputo-foto-reuters-SNI7XLX2MP3M2IURMIVA3OXG5U.jpg?auth=f7a602571f26227962a9b0949f5a9b502a1bc989b57a587e75e032d7d6f00732&amp;width=767\" alt=\"El secretario de Inteligencia del Estado (SIDE), Sergio Neiffert, participa de la reuni\u00f3n que encabeza el asesor presidencial Santiago Caputo (Foto: REUTERS).\"\/><\/figure>\n\n\n\n<p>El Gobierno har\u00e1 controles de acceso a la Ciudad con las fuerzas de seguridad y con la participaci\u00f3n de la Comisi\u00f3n Nacional de Regulaci\u00f3n del Transporte (CNRT). Es por eso que&nbsp;<strong>form\u00f3 parte del encuentro Mogetta, que regula los accesos viales, ferroviarios y a\u00e9reos<\/strong>.<\/p>\n\n\n\n<p>El Ejecutivo sostiene que&nbsp;<strong>detendr\u00e1 a todas las personas que \u201cincurran en conductas que afecten la seguridad\u201d<\/strong>&nbsp;y asegura que se respalda en el art\u00edculo 94 del C\u00f3digo Penal. Reconoce adem\u00e1s que \u201ces posible que la gente corte las calles si no entra en la plaza\u201d.<\/p>\n\n\n\n<p>La Casa Rosada<strong>&nbsp;ya le aplic\u00f3 el derecho de admisi\u00f3n a 26 hinchas involucrados en los destrozos<\/strong>&nbsp;en la marcha de la semana pasada. Lo hizo a trav\u00e9s de una resoluci\u00f3n del Ministerio de Seguridad, que excluy\u00f3 a dos extranjeros y a dos menores.<\/p>\n\n\n\n<p>Naci\u00f3n&nbsp;<strong>denunci\u00f3 penalmente a los barras y militantes detenidos tras el enfrentamiento en el Congreso<\/strong>&nbsp;y solicit\u00f3 tambi\u00e9n que se declare incompetente a la titular del Juzgado de Primera Instancia en lo Penal, Contravencional y de Faltas N\u00b0 15, Karina Andrade, que autoriz\u00f3 su liberaci\u00f3n.<\/p>\n","protected":false},"excerpt":{"rendered":"<p>El asesor presidencial recibi\u00f3 a las 11 a la ministra de Seguridad, al secretario de Inteligencia del Estado, Sergio Neiffert, y al jefe de operaciones de Inteligencia, Diego Kravetz. La\u00a0Casa&hellip; <\/p>\n","protected":false},"author":8,"featured_media":197274,"comment_status":"closed","ping_status":"open","sticky":false,"template":"","format":"standard","meta":{"footnotes":""},"categories":[3],"tags":[],"class_list":["post-197273","post","type-post","status-publish","format-standard","has-post-thumbnail","hentry","category-politica"],"_links":{"self":[{"href":"https:\/\/corrientesdetarde.com\/index.php\/wp-json\/wp\/v2\/posts\/197273","targetHints":{"allow":["GET"]}}],"collection":[{"href":"https:\/\/corrientesdetarde.com\/index.php\/wp-json\/wp\/v2\/posts"}],"about":[{"href":"https:\/\/corrientesdetarde.com\/index.php\/wp-json\/wp\/v2\/types\/post"}],"author":[{"embeddable":true,"href":"https:\/\/corrientesdetarde.com\/index.php\/wp-json\/wp\/v2\/users\/8"}],"replies":[{"embeddable":true,"href":"https:\/\/corrientesdetarde.com\/index.php\/wp-json\/wp\/v2\/comments?post=197273"}],"version-history":[{"count":1,"href":"https:\/\/corrientesdetarde.com\/index.php\/wp-json\/wp\/v2\/posts\/197273\/revisions"}],"predecessor-version":[{"id":197275,"href":"https:\/\/corrientesdetarde.com\/index.php\/wp-json\/wp\/v2\/posts\/197273\/revisions\/197275"}],"wp:featuredmedia":[{"embeddable":true,"href":"https:\/\/corrientesdetarde.com\/index.php\/wp-json\/wp\/v2\/media\/197274"}],"wp:attachment":[{"href":"https:\/\/corrientesdetarde.com\/index.php\/wp-json\/wp\/v2\/media?parent=197273"}],"wp:term":[{"taxonomy":"category","embeddable":true,"href":"https:\/\/corrientesdetarde.com\/index.php\/wp-json\/wp\/v2\/categories?post=197273"},{"taxonomy":"post_tag","embeddable":true,"href":"https:\/\/corrientesdetarde.com\/index.php\/wp-json\/wp\/v2\/tags?post=197273"}],"curies":[{"name":"wp","href":"https:\/\/api.w.org\/{rel}","templated":true}]}}