{"id":197282,"date":"2025-03-18T14:35:50","date_gmt":"2025-03-18T17:35:50","guid":{"rendered":"https:\/\/corrientesdetarde.com\/?p=197282"},"modified":"2025-03-18T14:35:55","modified_gmt":"2025-03-18T17:35:55","slug":"valdes-inauguro-la-nueva-nave-industrial-de-tn-platex-y-ratifico-su-apoyo-hacia-el-sector-textil","status":"publish","type":"post","link":"https:\/\/corrientesdetarde.com\/index.php\/locales\/valdes-inauguro-la-nueva-nave-industrial-de-tn-platex-y-ratifico-su-apoyo-hacia-el-sector-textil\/","title":{"rendered":"Vald\u00e9s inaugur\u00f3 la nueva nave industrial de TN Platex y ratific\u00f3 su apoyo hacia el sector textil"},"content":{"rendered":"\n<p>En el marco de su visita a Monte Caseros, el gobernador Gustavo Vald\u00e9s encabez\u00f3 este martes la inauguraci\u00f3n de la nueva nave industrial de la f\u00e1brica textil TN Platex.<br>En la apertura las flamantes instalaciones, de 18.000m\u00b2, que consta de tintorer\u00eda y planta de tratamiento de efluentes y se construy\u00f3 con un cr\u00e9dito otorgado por el Banco de Corrientes, el mandatario ratific\u00f3 su apoyo hacia el sector textil, destacando la alianza Estado &#8211; empresa en pos del desarrollo.<br>\u201cEsta ampliaci\u00f3n de la empresa textil, que emplea a 450 casere\u00f1os, se debe a que Corrientes tiene orden macrecon\u00f3mico, seguridad jur\u00eddica e impuesto cero a las industrias\u201d, puso de relieve Vald\u00e9s.<br>Durante su alocuci\u00f3n, Vald\u00e9s, felicit\u00f3 en primer lugar a los directivos de la empresa, por apostar al desarrollo y crecimiento, dando trabajo genuino a los casere\u00f1os.<br>El mandatario resalt\u00f3 el acompa\u00f1amiento de la Provincia hacia la empresa, expresando que \u201cpara invertir hay que saber administrar los recursos del estado y es lo que hacemos\u201d, acotando que \u201cCorrientes tiene sus finanzas saneadas y no le debemos un peso a nadie\u201d.<br>Luego, Vald\u00e9s record\u00f3 que en tiempos pasados hubo \u201cmuchos que fundieron el Banco de la provincia de Corrientes y todav\u00eda estamos pagando las consecuencias de esas malas pol\u00edticas\u201d.<br>No obstante, el gobernador remarc\u00f3 que con mucho esfuerzo el Banco de Corrientes \u201choy est\u00e1 de pie\u201d y que gracias a su solvencia financiera a \u201cesta empresa pudimos otorgarle un cr\u00e9dito millonario para que pueda funcionar y salir adelante en tiempo dif\u00edciles. Y el cr\u00e9dito lo seguir\u00e1 teniendo abierto\u201d.<br>\u201cComo Provincia hoy estamos bien, pero sabemos que tenemos que generar m\u00e1s puestos de trabajo, agregar valor a los productos\u201d, sostuvo Vald\u00e9s y enfatiz\u00f3: \u201cTambi\u00e9n tenemos que contar con empresarios serios, trabajadores comprometidos con la empresa. Tiene que existir el capital y la materia prima ya la conjunci\u00f3n de todo ello nos va a llevar al \u00e9xito para poder competir\u201d.<br>Asimismo, el titular del ejecutivo provincial, subray\u00f3 la fuerte inversi\u00f3n de la Provincia hacia este sector fabril, en donde a trav\u00e9s de la DPEC se destinaron tres millones y medio de d\u00f3lares para que la electricidad sea de calidad. \u201cEstas acciones permiten tener competitividad .Ac\u00e1 tenemos mano de obra de Monte Caseros, de manos correntinas. Este el futuro para nuestra gente\u201d.<br>Continuando, Vald\u00e9s asegur\u00f3 que con esta empresa, \u201cnos depositamos la confianza mutuamente, sabiendo que debemos transitar el camino juntos\u201d.<br>Adem\u00e1s, puntualiz\u00f3 que como una forma de abrir paso a las inversiones del sector privado, \u201cCorrientes es una de las provincias con menor presi\u00f3n fiscal\u201d.<br>\u201cVamos a seguir invirtiendo para crear m\u00e1s fuentes de trabajo en el sector privado. Vamos a apoyarlos para que sigan ampliando la f\u00e1brica, que se sumen m\u00e1s trabajadores que van a poner el hombro para construir el pa\u00eds y la Provincia que so\u00f1amos\u201d, concluy\u00f3 expresando Vald\u00e9s.<\/p>\n\n\n\n<p>Intendente Juan Carlos Alvarez<br>\u201cHoy es un d\u00eda hist\u00f3rico y de fiesta para nuestra comunidad\u201d, afirm\u00f3 en su introducci\u00f3n el intendente de Monte Caseros, Juan Carlos Alvarez, agradeciendo a los directivos de la empresa TN Platex por la apuesta productiva que hacen por la ciudad y la zona. \u201cAc\u00e1 est\u00e1n 450 empleados, esta Textil es orgullo para sus familias y para todos los casere\u00f1os\u201d, sostuvo.<br>Luego, Alvarez destac\u00f3 el permanente apoyo y acompa\u00f1amiento del gobernador Vald\u00e9s, que \u201cpiensa y se interesa por el desarrollo del sur provincial\u201d y gracias a su \u201cdecisi\u00f3n pol\u00edtica hoy estamos celebrando esta importante inauguraci\u00f3n\u201d.<br>\u201cSomos conscientes que hay que trabajar siempre juntos, teniendo como pilares el desarrollo, el crecimiento y la modernizaci\u00f3n y vemos una provincia que va para adelante\u201d, finaliz\u00f3 el jefe comunal.<\/p>\n\n\n\n<p>Tom\u00e1s Karagozian<br>En representaci\u00f3n de TN Platex, uno de sus directivos, &nbsp;Tom\u00e1s Karagozian, por medio de una pantalla gigante fue explicando c\u00f3mo es el proceso productivo y las distintas \u00e1reas de la f\u00e1brica, como as\u00ed tambi\u00e9n las inauguraciones, haciendo hincapi\u00e9 en que por sobre todas las cosas, el cuidado del impacto ambiental es prioritario.<br>Karagozian, agradeci\u00f3 el apoyo tanto del Gobierno de Corrientes como de la comuna de Monte Caseros e inst\u00f3 a seguir trabajando juntos, en articulaci\u00f3n p\u00fablico-privada.<br>A su vez, el directivo coment\u00f3 que el 25% del personal que se desempe\u00f1a en la f\u00e1brica proviene de la Escuela T\u00e9cnica Ferr\u00e9, gracias a un convenio suscripto oportunamente con el ministerio de Educaci\u00f3n de la Provincia.<br>\u201cSomos una verdadera familia, trabajamos en equipo y con orgullo podemos decir que exportamos nuestros productos a 8 pa\u00edses y vamos por m\u00e1s\u201d, asever\u00f3 Karagozian.<br>Para concluir, dej\u00f3 en claro que la empresa cuenta con \u201ctrabajadores comprometidos que hacen que Monte Caseros crezca y se desarrolle\u201d.<\/p>\n\n\n\n<p>Presencias<br>Acompa\u00f1aron el acto, el vicepresidente primero del Senado, Henry Fick, ministros, secretarios y subsecretarios del gabinete provincial, legisladores nacionales y provinciales, autoridades comunales, representantes de fuerzas de seguridad, empleados de la empresa y p\u00fablico en general.<\/p>\n\n\n\n<figure class=\"wp-block-image size-large\"><img loading=\"lazy\" decoding=\"async\" width=\"1024\" height=\"682\" src=\"https:\/\/corrientesdetarde.com\/wp-content\/uploads\/2025\/03\/image-702-1024x682.png\" alt=\"\" class=\"wp-image-197284\" srcset=\"https:\/\/corrientesdetarde.com\/wp-content\/uploads\/2025\/03\/image-702-1024x682.png 1024w, https:\/\/corrientesdetarde.com\/wp-content\/uploads\/2025\/03\/image-702-300x200.png 300w, https:\/\/corrientesdetarde.com\/wp-content\/uploads\/2025\/03\/image-702-768x512.png 768w, https:\/\/corrientesdetarde.com\/wp-content\/uploads\/2025\/03\/image-702-1536x1023.png 1536w, https:\/\/corrientesdetarde.com\/wp-content\/uploads\/2025\/03\/image-702.png 1600w\" sizes=\"auto, (max-width: 1024px) 100vw, 1024px\" \/><\/figure>\n\n\n\n<figure class=\"wp-block-image size-large\"><img loading=\"lazy\" decoding=\"async\" width=\"1024\" height=\"682\" src=\"https:\/\/corrientesdetarde.com\/wp-content\/uploads\/2025\/03\/image-703-1024x682.png\" alt=\"\" class=\"wp-image-197285\" srcset=\"https:\/\/corrientesdetarde.com\/wp-content\/uploads\/2025\/03\/image-703-1024x682.png 1024w, https:\/\/corrientesdetarde.com\/wp-content\/uploads\/2025\/03\/image-703-300x200.png 300w, https:\/\/corrientesdetarde.com\/wp-content\/uploads\/2025\/03\/image-703-768x512.png 768w, https:\/\/corrientesdetarde.com\/wp-content\/uploads\/2025\/03\/image-703-1536x1023.png 1536w, https:\/\/corrientesdetarde.com\/wp-content\/uploads\/2025\/03\/image-703.png 1600w\" sizes=\"auto, (max-width: 1024px) 100vw, 1024px\" \/><\/figure>\n\n\n\n<figure class=\"wp-block-image size-large\"><img loading=\"lazy\" decoding=\"async\" width=\"1024\" height=\"682\" src=\"https:\/\/corrientesdetarde.com\/wp-content\/uploads\/2025\/03\/image-704-1024x682.png\" alt=\"\" class=\"wp-image-197286\" srcset=\"https:\/\/corrientesdetarde.com\/wp-content\/uploads\/2025\/03\/image-704-1024x682.png 1024w, https:\/\/corrientesdetarde.com\/wp-content\/uploads\/2025\/03\/image-704-300x200.png 300w, https:\/\/corrientesdetarde.com\/wp-content\/uploads\/2025\/03\/image-704-768x512.png 768w, https:\/\/corrientesdetarde.com\/wp-content\/uploads\/2025\/03\/image-704-1536x1023.png 1536w, https:\/\/corrientesdetarde.com\/wp-content\/uploads\/2025\/03\/image-704.png 1600w\" sizes=\"auto, (max-width: 1024px) 100vw, 1024px\" \/><\/figure>\n\n\n\n<figure class=\"wp-block-image size-large\"><img loading=\"lazy\" decoding=\"async\" width=\"1024\" height=\"682\" src=\"https:\/\/corrientesdetarde.com\/wp-content\/uploads\/2025\/03\/image-705-1024x682.png\" alt=\"\" class=\"wp-image-197287\" srcset=\"https:\/\/corrientesdetarde.com\/wp-content\/uploads\/2025\/03\/image-705-1024x682.png 1024w, https:\/\/corrientesdetarde.com\/wp-content\/uploads\/2025\/03\/image-705-300x200.png 300w, https:\/\/corrientesdetarde.com\/wp-content\/uploads\/2025\/03\/image-705-768x512.png 768w, https:\/\/corrientesdetarde.com\/wp-content\/uploads\/2025\/03\/image-705-1536x1023.png 1536w, https:\/\/corrientesdetarde.com\/wp-content\/uploads\/2025\/03\/image-705.png 1600w\" sizes=\"auto, (max-width: 1024px) 100vw, 1024px\" \/><\/figure>\n\n\n\n<figure class=\"wp-block-image size-large\"><img loading=\"lazy\" decoding=\"async\" width=\"1024\" height=\"682\" src=\"https:\/\/corrientesdetarde.com\/wp-content\/uploads\/2025\/03\/image-706-1024x682.png\" alt=\"\" class=\"wp-image-197288\" srcset=\"https:\/\/corrientesdetarde.com\/wp-content\/uploads\/2025\/03\/image-706-1024x682.png 1024w, https:\/\/corrientesdetarde.com\/wp-content\/uploads\/2025\/03\/image-706-300x200.png 300w, https:\/\/corrientesdetarde.com\/wp-content\/uploads\/2025\/03\/image-706-768x512.png 768w, https:\/\/corrientesdetarde.com\/wp-content\/uploads\/2025\/03\/image-706-1536x1023.png 1536w, https:\/\/corrientesdetarde.com\/wp-content\/uploads\/2025\/03\/image-706.png 1600w\" sizes=\"auto, (max-width: 1024px) 100vw, 1024px\" \/><\/figure>\n\n\n\n<figure class=\"wp-block-image size-large\"><img loading=\"lazy\" decoding=\"async\" width=\"1024\" height=\"682\" src=\"https:\/\/corrientesdetarde.com\/wp-content\/uploads\/2025\/03\/image-707-1024x682.png\" alt=\"\" class=\"wp-image-197289\" srcset=\"https:\/\/corrientesdetarde.com\/wp-content\/uploads\/2025\/03\/image-707-1024x682.png 1024w, https:\/\/corrientesdetarde.com\/wp-content\/uploads\/2025\/03\/image-707-300x200.png 300w, https:\/\/corrientesdetarde.com\/wp-content\/uploads\/2025\/03\/image-707-768x512.png 768w, https:\/\/corrientesdetarde.com\/wp-content\/uploads\/2025\/03\/image-707-1536x1023.png 1536w, https:\/\/corrientesdetarde.com\/wp-content\/uploads\/2025\/03\/image-707.png 1600w\" sizes=\"auto, (max-width: 1024px) 100vw, 1024px\" \/><\/figure>\n\n\n\n<figure class=\"wp-block-image size-large\"><img loading=\"lazy\" decoding=\"async\" width=\"1024\" height=\"682\" src=\"https:\/\/corrientesdetarde.com\/wp-content\/uploads\/2025\/03\/image-708-1024x682.png\" alt=\"\" class=\"wp-image-197290\" srcset=\"https:\/\/corrientesdetarde.com\/wp-content\/uploads\/2025\/03\/image-708-1024x682.png 1024w, https:\/\/corrientesdetarde.com\/wp-content\/uploads\/2025\/03\/image-708-300x200.png 300w, https:\/\/corrientesdetarde.com\/wp-content\/uploads\/2025\/03\/image-708-768x512.png 768w, https:\/\/corrientesdetarde.com\/wp-content\/uploads\/2025\/03\/image-708-1536x1023.png 1536w, https:\/\/corrientesdetarde.com\/wp-content\/uploads\/2025\/03\/image-708.png 1600w\" sizes=\"auto, (max-width: 1024px) 100vw, 1024px\" \/><\/figure>\n\n\n\n<figure class=\"wp-block-image size-large\"><img loading=\"lazy\" decoding=\"async\" width=\"1024\" height=\"682\" src=\"https:\/\/corrientesdetarde.com\/wp-content\/uploads\/2025\/03\/image-709-1024x682.png\" alt=\"\" class=\"wp-image-197291\" srcset=\"https:\/\/corrientesdetarde.com\/wp-content\/uploads\/2025\/03\/image-709-1024x682.png 1024w, https:\/\/corrientesdetarde.com\/wp-content\/uploads\/2025\/03\/image-709-300x200.png 300w, https:\/\/corrientesdetarde.com\/wp-content\/uploads\/2025\/03\/image-709-768x512.png 768w, https:\/\/corrientesdetarde.com\/wp-content\/uploads\/2025\/03\/image-709-1536x1023.png 1536w, https:\/\/corrientesdetarde.com\/wp-content\/uploads\/2025\/03\/image-709.png 1600w\" sizes=\"auto, (max-width: 1024px) 100vw, 1024px\" \/><\/figure>\n\n\n\n<figure class=\"wp-block-image size-large\"><img loading=\"lazy\" decoding=\"async\" width=\"1024\" height=\"682\" src=\"https:\/\/corrientesdetarde.com\/wp-content\/uploads\/2025\/03\/image-710-1024x682.png\" alt=\"\" class=\"wp-image-197292\" srcset=\"https:\/\/corrientesdetarde.com\/wp-content\/uploads\/2025\/03\/image-710-1024x682.png 1024w, https:\/\/corrientesdetarde.com\/wp-content\/uploads\/2025\/03\/image-710-300x200.png 300w, https:\/\/corrientesdetarde.com\/wp-content\/uploads\/2025\/03\/image-710-768x512.png 768w, https:\/\/corrientesdetarde.com\/wp-content\/uploads\/2025\/03\/image-710-1536x1023.png 1536w, https:\/\/corrientesdetarde.com\/wp-content\/uploads\/2025\/03\/image-710.png 1600w\" sizes=\"auto, (max-width: 1024px) 100vw, 1024px\" \/><\/figure>\n","protected":false},"excerpt":{"rendered":"<p>En el marco de su visita a Monte Caseros, el gobernador Gustavo Vald\u00e9s encabez\u00f3 este martes la inauguraci\u00f3n de la nueva nave industrial de la f\u00e1brica textil TN Platex.En la&hellip; <\/p>\n","protected":false},"author":8,"featured_media":197283,"comment_status":"closed","ping_status":"open","sticky":false,"template":"","format":"standard","meta":{"footnotes":""},"categories":[8],"tags":[],"class_list":["post-197282","post","type-post","status-publish","format-standard","has-post-thumbnail","hentry","category-locales"],"_links":{"self":[{"href":"https:\/\/corrientesdetarde.com\/index.php\/wp-json\/wp\/v2\/posts\/197282","targetHints":{"allow":["GET"]}}],"collection":[{"href":"https:\/\/corrientesdetarde.com\/index.php\/wp-json\/wp\/v2\/posts"}],"about":[{"href":"https:\/\/corrientesdetarde.com\/index.php\/wp-json\/wp\/v2\/types\/post"}],"author":[{"embeddable":true,"href":"https:\/\/corrientesdetarde.com\/index.php\/wp-json\/wp\/v2\/users\/8"}],"replies":[{"embeddable":true,"href":"https:\/\/corrientesdetarde.com\/index.php\/wp-json\/wp\/v2\/comments?post=197282"}],"version-history":[{"count":1,"href":"https:\/\/corrientesdetarde.com\/index.php\/wp-json\/wp\/v2\/posts\/197282\/revisions"}],"predecessor-version":[{"id":197293,"href":"https:\/\/corrientesdetarde.com\/index.php\/wp-json\/wp\/v2\/posts\/197282\/revisions\/197293"}],"wp:featuredmedia":[{"embeddable":true,"href":"https:\/\/corrientesdetarde.com\/index.php\/wp-json\/wp\/v2\/media\/197283"}],"wp:attachment":[{"href":"https:\/\/corrientesdetarde.com\/index.php\/wp-json\/wp\/v2\/media?parent=197282"}],"wp:term":[{"taxonomy":"category","embeddable":true,"href":"https:\/\/corrientesdetarde.com\/index.php\/wp-json\/wp\/v2\/categories?post=197282"},{"taxonomy":"post_tag","embeddable":true,"href":"https:\/\/corrientesdetarde.com\/index.php\/wp-json\/wp\/v2\/tags?post=197282"}],"curies":[{"name":"wp","href":"https:\/\/api.w.org\/{rel}","templated":true}]}}