{"id":197294,"date":"2025-03-18T14:44:40","date_gmt":"2025-03-18T17:44:40","guid":{"rendered":"https:\/\/corrientesdetarde.com\/?p=197294"},"modified":"2025-03-18T14:44:43","modified_gmt":"2025-03-18T17:44:43","slug":"china-rehabilito-la-importacion-de-pollo-y-frutos-secos-argentinos","status":"publish","type":"post","link":"https:\/\/corrientesdetarde.com\/index.php\/economia\/china-rehabilito-la-importacion-de-pollo-y-frutos-secos-argentinos\/","title":{"rendered":"China rehabilit\u00f3 la importaci\u00f3n de pollo y frutos secos argentinos"},"content":{"rendered":"\n<p>Se defini\u00f3 luego de un encuentro entre el ministro de Econom\u00eda, Luis Caputo, y el viceministro de la Administraci\u00f3n General de Aduanas del pa\u00eds asi\u00e1tico, Wang Lingjun.<\/p>\n\n\n\n<p>China anunci\u00f3 la<strong>&nbsp;rehabilitaci\u00f3n para las exportaciones de carne aviar argentina<\/strong>&nbsp;y se firmaron los protocolos sanitarios correspondientes para la apertura del mercado de c<strong>\u00e1lculos biliares y frutos secos, incluyendo nueces de nogal, pecan, almendras, avellanas y pistachos.&nbsp;<\/strong>La noticia se comunic\u00f3 luego de una reuni\u00f3n entre el ministro de Econom\u00eda,<strong>&nbsp;Luis Caputo,<\/strong>&nbsp;con el viceministro de la Administraci\u00f3n General de Aduanas de China (GACC),&nbsp;<strong>Wang Lingjun<\/strong>, realizada este lunes en el<strong>&nbsp;Palacio de Hacienda.<\/strong><\/p>\n\n\n\n<p>La rehabilitaci\u00f3n para el ingreso de carne aviar argentina a China es una noticia muy relevante para el sector, luego del cierre de hace 2 a\u00f1os, en marzo de 2023, como consecuencia del&nbsp;<strong>brote de Influenza Aviar.&nbsp;<\/strong>En aquel entonces<strong>, China era el destino del 45% de las exportaciones del sector, con U$S170 millones<\/strong>, destac\u00e1ndose como productos de mayor demanda&nbsp;<strong>las garras y las alas<\/strong>. El anuncio fue oficializado este martes por el Comunicado Conjunto N\u00b0 38 de la GACC y el Ministerio de Agricultura chino (MARA).<\/p>\n\n\n\n<p>Seg\u00fan resaltaron desde el Gobierno, la habilitaci\u00f3n para la exportaci\u00f3n de frutos secos abre \u201cgrandes oportunidades para productos de econom\u00edas regionales que se encuentran creciendo en su producci\u00f3n local y promoviendo una mayor presencia en el mercado internacional\u201d.<\/p>\n\n\n\n<p>A partir de este anuncio, aseguraron,&nbsp;<strong>se podr\u00e1n proveer exportaciones a un mercado de grandes vol\u00famenes como el de China,&nbsp;<\/strong>que tiene importaciones por m\u00e1s de U$S1000 millones. En el caso de c\u00e1lculos biliares, China tiene una importante demanda para la industria medicinal, otorgando un alto valor al producto.<\/p>\n\n\n\n<p>La reuni\u00f3n tambi\u00e9n permiti\u00f3 definir las prioridades de trabajo para 2025 en materia de aperturas sanitarias<strong>, incluyendo la pronta firma de protocolos como menudencias porcinas, ciruelas secas y productos de la pesca,&nbsp;<\/strong>as\u00ed como tambi\u00e9n el objetivo de concluir las negociaciones para la exportaci\u00f3n de menudencias bovinas. La delegaci\u00f3n china tambi\u00e9n comparti\u00f3 una versi\u00f3n de protocolo para la apertura de legumbres (porotos, garbanzos y lentejas).<\/p>\n\n\n\n<figure class=\"wp-block-image\"><img decoding=\"async\" src=\"https:\/\/tn.com.ar\/resizer\/v2\/foto-prensa-del-ministerio-de-economia-WK3MYXMMXBBAFLYLFD6W4GBZEQ.jpeg?auth=d9f03c152cd2498736b963f1b7a49716bbc84c27a2dcd584642474834792bc88&amp;width=767\" alt=\"Foto: prensa del ministerio de Econom\u00eda\"\/><\/figure>\n\n\n\n<p>El ministro estuvo acompa\u00f1ado por el Director Ejecutivo de la Agencia de Recaudaci\u00f3n y Control Aduanero (ARCA),&nbsp;<strong>Juan Pazo<\/strong>; el secretario de Coordinaci\u00f3n de Producci\u00f3n,&nbsp;<strong>Pablo Lavigne;&nbsp;<\/strong>el subsecretario de Mercados Agroalimentarios e Inserci\u00f3n Internacional (SAGyP),<strong>&nbsp;Agust\u00edn Tejeda<\/strong>; la subsecretaria de Comercio Exterior,&nbsp;<strong>Carolina Cuenca;&nbsp;<\/strong>el Presidente del SENASA,&nbsp;<strong>Pablo Cortese<\/strong>; y subsecretario de Negociaciones Econ\u00f3micas Internacionales de la Cancilleria,&nbsp;<strong>Roberto Salafia.<\/strong><\/p>\n\n\n\n<p>En tanto, tambi\u00e9n participaron el embajador de la Rep\u00fablica Popular China en Argentina,&nbsp;<strong>Wang Wei; Zhang Junqiang,<\/strong>&nbsp;el director de la Oficina de Lucha contra el Contrabando (GACC Shenzhen)<strong>; Duan Kai,&nbsp;<\/strong>el director General (GACC Aeropuerto de Beijing);&nbsp;<strong>Shao Weijian,&nbsp;<\/strong>el director de Divisi\u00f3n N\u00b0 4 (Departamento de Cooperaci\u00f3n Internacional, GACC);<strong>&nbsp;Luo Jun<\/strong>, Director de Divisi\u00f3n N\u00b0 1 de Cuarentena Vegetal (Departamento de Inspecci\u00f3n Animal y Vegetal, GACC);&nbsp;<strong>Wu Tao<\/strong>&nbsp;(Secretario, GACC);&nbsp;<strong>An Guanghui<\/strong>, Consejero\u2002Econ\u00f3mico y Comercial; y&nbsp;<strong>Guo Xiaoyu,&nbsp;<\/strong>Agregado Agr\u00edcola.<\/p>\n\n\n\n<p>China es un mercado de suma relevancia para el sector agroindustrial de Argentina. Durante el 2024, fue el segundo destino de las exportaciones agroindustriales alcanzando un valor total de<strong>&nbsp;U$S5183 millones,&nbsp;<\/strong>con un&nbsp;<strong>incremento del 14%&nbsp;<\/strong>en relaci\u00f3n al 2023, cuando fueron U$S4559 millones.<\/p>\n","protected":false},"excerpt":{"rendered":"<p>Se defini\u00f3 luego de un encuentro entre el ministro de Econom\u00eda, Luis Caputo, y el viceministro de la Administraci\u00f3n General de Aduanas del pa\u00eds asi\u00e1tico, Wang Lingjun. China anunci\u00f3 la&nbsp;rehabilitaci\u00f3n&hellip; <\/p>\n","protected":false},"author":8,"featured_media":197295,"comment_status":"closed","ping_status":"open","sticky":false,"template":"","format":"standard","meta":{"footnotes":""},"categories":[20],"tags":[],"class_list":["post-197294","post","type-post","status-publish","format-standard","has-post-thumbnail","hentry","category-economia"],"_links":{"self":[{"href":"https:\/\/corrientesdetarde.com\/index.php\/wp-json\/wp\/v2\/posts\/197294","targetHints":{"allow":["GET"]}}],"collection":[{"href":"https:\/\/corrientesdetarde.com\/index.php\/wp-json\/wp\/v2\/posts"}],"about":[{"href":"https:\/\/corrientesdetarde.com\/index.php\/wp-json\/wp\/v2\/types\/post"}],"author":[{"embeddable":true,"href":"https:\/\/corrientesdetarde.com\/index.php\/wp-json\/wp\/v2\/users\/8"}],"replies":[{"embeddable":true,"href":"https:\/\/corrientesdetarde.com\/index.php\/wp-json\/wp\/v2\/comments?post=197294"}],"version-history":[{"count":1,"href":"https:\/\/corrientesdetarde.com\/index.php\/wp-json\/wp\/v2\/posts\/197294\/revisions"}],"predecessor-version":[{"id":197296,"href":"https:\/\/corrientesdetarde.com\/index.php\/wp-json\/wp\/v2\/posts\/197294\/revisions\/197296"}],"wp:featuredmedia":[{"embeddable":true,"href":"https:\/\/corrientesdetarde.com\/index.php\/wp-json\/wp\/v2\/media\/197295"}],"wp:attachment":[{"href":"https:\/\/corrientesdetarde.com\/index.php\/wp-json\/wp\/v2\/media?parent=197294"}],"wp:term":[{"taxonomy":"category","embeddable":true,"href":"https:\/\/corrientesdetarde.com\/index.php\/wp-json\/wp\/v2\/categories?post=197294"},{"taxonomy":"post_tag","embeddable":true,"href":"https:\/\/corrientesdetarde.com\/index.php\/wp-json\/wp\/v2\/tags?post=197294"}],"curies":[{"name":"wp","href":"https:\/\/api.w.org\/{rel}","templated":true}]}}