{"id":197297,"date":"2025-03-18T14:52:13","date_gmt":"2025-03-18T17:52:13","guid":{"rendered":"https:\/\/corrientesdetarde.com\/?p=197297"},"modified":"2025-03-18T14:52:18","modified_gmt":"2025-03-18T17:52:18","slug":"aparecio-un-audio-de-mauro-icardi-y-wanda-nara-que-complica-a-la-mediatica-y-crece-el-escandalo","status":"publish","type":"post","link":"https:\/\/corrientesdetarde.com\/index.php\/espectaculos\/aparecio-un-audio-de-mauro-icardi-y-wanda-nara-que-complica-a-la-mediatica-y-crece-el-escandalo\/","title":{"rendered":"Apareci\u00f3 un audio de Mauro Icardi y Wanda Nara que complica a la medi\u00e1tica y crece el esc\u00e1ndalo"},"content":{"rendered":"\n<p>La grabaci\u00f3n exponer lo que hizo el futbolista minutos antes de subir al departamento de su exmujer.<\/p>\n\n\n\n<p>En las \u00faltimas horas se viraliz\u00f3 una conversaci\u00f3n entre\u00a0<strong>Mauro Icardi y Wanda Nara\u00a0<\/strong>antes del esc\u00e1ndalo que deriv\u00f3 en una intervenci\u00f3n policial el viernes pasado. Se trata de la charla que mantuvieron luego de que \u00e9l tocara el timbre del departamento que la empresaria tiene el Chateau Libertador, con el fin de entregarle los tres perros de la familia.<\/p>\n\n\n\n<p>En el audio, que fue compartido por el periodista Gustavo M\u00e9ndez, la medi\u00e1tica le pide que suba, pero \u00e9l le remarca que son las menores quien deben bajar para retirarse en el auto y as\u00ed cumplir con los 15 d\u00edas juntos que le otorg\u00f3 el juez. \u201cD\u00e1selas al encargado as\u00ed no bajan solas en el ascensor\u201d, le ruega, pero ella le comenta que una se resiste a irse. Esto sac\u00f3 de quicio al futbolista, que no dud\u00f3 en enfrentar a su ex: \u201cSos la madre y le ten\u00e9s que decir que baje.&nbsp;<strong>Dej\u00e1 de hacer tanto circo. Si no voy a tener que llamar a la polic\u00eda. Las secuestraste, ah\u00ed sube el encargado\u201d.<\/strong><\/p>\n\n\n\n<p>Antes de ir al piso 36, Mauro Icardi le record\u00f3 el motivo por el que ten\u00eda prohibido acercarse a ella. \u201cNo me ten\u00e9s que autorizar nada. Tengo una denuncia por violencia de g\u00e9nero, soy violento entonces no puedo subir por m\u00e1s que me autorices\u201d, lanz\u00f3. En las redes, varios usuarios que apoyaban a Wanda cambiaron de opini\u00f3n al escuchar el material, ya que sintieron que se trat\u00f3 de una provocaci\u00f3n por parte de ella.<\/p>\n\n\n\n<figure class=\"wp-block-image\"><img decoding=\"async\" src=\"https:\/\/tn.com.ar\/resizer\/v2\/https%3A%2F%2Fthumbs.vodgc.net%2F1-14-LFXBlC1742314902683-1742315038.jpg?auth=2a4cfbf28e9a1bf7a535449c816f8a131f984556b4b566a7d54a37db5317a58e&amp;width=767\" alt=\"Video Placeholder\"\/><\/figure>\n\n\n\n<h2 class=\"wp-block-heading\">C\u00f3mo fue el escandaloso episodio entre Mauro Icardi y Wanda Nara en el Chateau Libertador<\/h2>\n\n\n\n<p>El viernes por la noche,\u00a0<strong>Mauro Icardi irrumpi\u00f3 en el departamento de Wanda Nara<\/strong>\u00a0para devolverle los tres perros de la familia. Todo termin\u00f3 en un gran esc\u00e1ndalo, con polic\u00eda y una ambulancia del SAME de por medio. A las pocas horas, el periodista Mart\u00edn Candalaft public\u00f3 el video completo del tenso momento. All\u00ed se lo vio al futbolista con una de sus nenas en brazos, que -entre l\u00e1grimas- exig\u00eda darle un abrazo a Wanda. En ese momento, la medi\u00e1tica reaccion\u00f3 con un grito de desesperaci\u00f3n. \u201c\u00a1\u00a1Ayudalaaaa por favor!! La nena le est\u00e1 pidiendo ayuda\u201d, le rog\u00f3 a una uniformada.<\/p>\n\n\n\n<p>Finalmente, Icardi se retir\u00f3 sin las menores y quienes se encontraban en el Chateau reconocieron que se fue a toda velocidad y de contramano por la Avenida del Libertador, poniendo en peligro a muchas personas con tal de no ser detenido. Tras el esc\u00e1ndalo, se rumore\u00f3 que su equipo de abogadas le habr\u00eda soltado la mano, pero tanto Elba Marcovecchio como Lara Piro confirmaron que continuar\u00e1n a su lado.<\/p>\n\n\n\n<figure class=\"wp-block-image\"><img decoding=\"async\" src=\"https:\/\/tn.com.ar\/resizer\/v2\/se-filtro-un-video-que-detalla-la-pelea-entre-mauro-icardi-y-wanda-nara-foto-captura-video-martin-candalaft-SK6IWOVDYVFVDCLQZPKRSSSK6A.JPG?auth=66c8470a8c0f35eef972c7507d2f323977eee0b44c07a4f92ad8e3ca367dd6ba&amp;width=767\" alt=\"Se filtr\u00f3 un video que detalla la pelea entre Mauro Icardi y Wanda Nara. (Foto: captura video \/ Mart\u00edn Candalaft)\"\/><\/figure>\n","protected":false},"excerpt":{"rendered":"<p>La grabaci\u00f3n exponer lo que hizo el futbolista minutos antes de subir al departamento de su exmujer. En las \u00faltimas horas se viraliz\u00f3 una conversaci\u00f3n entre\u00a0Mauro Icardi y Wanda Nara\u00a0antes&hellip; <\/p>\n","protected":false},"author":8,"featured_media":197298,"comment_status":"closed","ping_status":"open","sticky":false,"template":"","format":"standard","meta":{"footnotes":""},"categories":[19],"tags":[],"class_list":["post-197297","post","type-post","status-publish","format-standard","has-post-thumbnail","hentry","category-espectaculos"],"_links":{"self":[{"href":"https:\/\/corrientesdetarde.com\/index.php\/wp-json\/wp\/v2\/posts\/197297","targetHints":{"allow":["GET"]}}],"collection":[{"href":"https:\/\/corrientesdetarde.com\/index.php\/wp-json\/wp\/v2\/posts"}],"about":[{"href":"https:\/\/corrientesdetarde.com\/index.php\/wp-json\/wp\/v2\/types\/post"}],"author":[{"embeddable":true,"href":"https:\/\/corrientesdetarde.com\/index.php\/wp-json\/wp\/v2\/users\/8"}],"replies":[{"embeddable":true,"href":"https:\/\/corrientesdetarde.com\/index.php\/wp-json\/wp\/v2\/comments?post=197297"}],"version-history":[{"count":1,"href":"https:\/\/corrientesdetarde.com\/index.php\/wp-json\/wp\/v2\/posts\/197297\/revisions"}],"predecessor-version":[{"id":197299,"href":"https:\/\/corrientesdetarde.com\/index.php\/wp-json\/wp\/v2\/posts\/197297\/revisions\/197299"}],"wp:featuredmedia":[{"embeddable":true,"href":"https:\/\/corrientesdetarde.com\/index.php\/wp-json\/wp\/v2\/media\/197298"}],"wp:attachment":[{"href":"https:\/\/corrientesdetarde.com\/index.php\/wp-json\/wp\/v2\/media?parent=197297"}],"wp:term":[{"taxonomy":"category","embeddable":true,"href":"https:\/\/corrientesdetarde.com\/index.php\/wp-json\/wp\/v2\/categories?post=197297"},{"taxonomy":"post_tag","embeddable":true,"href":"https:\/\/corrientesdetarde.com\/index.php\/wp-json\/wp\/v2\/tags?post=197297"}],"curies":[{"name":"wp","href":"https:\/\/api.w.org\/{rel}","templated":true}]}}