{"id":197304,"date":"2025-03-18T14:58:37","date_gmt":"2025-03-18T17:58:37","guid":{"rendered":"https:\/\/corrientesdetarde.com\/?p=197304"},"modified":"2025-03-18T14:58:42","modified_gmt":"2025-03-18T17:58:42","slug":"presentaron-en-ee-uu-la-primera-demanda-colectiva-de-ahorristas-por-el-escandalo-de-libra","status":"publish","type":"post","link":"https:\/\/corrientesdetarde.com\/index.php\/politica\/presentaron-en-ee-uu-la-primera-demanda-colectiva-de-ahorristas-por-el-escandalo-de-libra\/","title":{"rendered":"Presentaron en EE.UU. la primera demanda colectiva de ahorristas por el esc\u00e1ndalo de Libra"},"content":{"rendered":"\n<p>Fue impulsada por un estudio jur\u00eddico especializado en litigios con criptomonedas. La presentaci\u00f3n judicial ante la corte de Nueva York no acusa al presidente Javier Milei ni a su hermana.<\/p>\n\n\n\n<p>Presentaron en Estados Unidos la primera demanda de ahorristas por\u00a0<strong>el caso Libra,<\/strong>\u00a0<strong>sin acusaciones<\/strong>\u00a0al presidente\u00a0<strong>Javier Milei<\/strong>, que difundi\u00f3 la cripto, ni a su hermana, la secretaria general de la Presidencia,\u00a0<strong>Karina Milei.<\/strong>\u00a0La demanda fue impulsada por Burwick Law, un estudio jur\u00eddico especializado en litigios con criptomonedas.<\/p>\n\n\n\n<p>El estudio anunci\u00f3 en su cuenta de&nbsp;<em>X:<\/em>&nbsp;\u201cNuestra firma present\u00f3 una&nbsp;<strong>demanda colectiva<\/strong>&nbsp;ante la Corte Suprema de Nueva York en nombre de nuestro cliente. Alegamos que Kelsier, KIP, Meteora y partes relacionadas orquestaron un&nbsp;<strong>lanzamiento injusto<\/strong>&nbsp;del token ($LIBRA), supuestamente&nbsp;<strong>enga\u00f1ando<\/strong>&nbsp;a los compradores y&nbsp;<strong>perjudicando&nbsp;<\/strong>a los inversores minoristas\u201d.<\/p>\n\n\n\n<p>Explicaron que la presentaci\u00f3n detalla \u201cc\u00f3mo se usaron fondos de liquidez unilaterales para&nbsp;<strong>inflar artificialmente<\/strong>&nbsp;el precio de $LIBRA&#8221;. Advirtieron que \u201ccerca del 85% de la oferta se retuvo en el lanzamiento, lo que permiti\u00f3 que los inversores internos se beneficiaran mientras que los compradores habituales asum\u00edan las p\u00e9rdidas\u201d.<\/p>\n\n\n\n<p>Desde el estudio jur\u00eddico indicaron: \u201cNuestra presentaci\u00f3n alega que estas t\u00e1cticas, junto con&nbsp;<strong>omisiones&nbsp;<\/strong>sobre las verdaderas estructuras de liquidez,&nbsp;<strong>privaron<\/strong>&nbsp;a los inversores de informaci\u00f3n esencial. Como se indica en la demanda, esto supuestamente provoc\u00f3 un&nbsp;<strong>r\u00e1pido desplome<\/strong>&nbsp;del valor del token $LIBRA despu\u00e9s de que personas con informaci\u00f3n privilegiada retiraran en secreto&nbsp;<strong>millones de d\u00f3lares<\/strong>&nbsp;en activos estables\u201d.<\/p>\n\n\n\n<p>Las menciones a Javier Milei en la primera demanda colectiva por el esc\u00e1ndalo de Libraacusaciones, creemos que es importante&nbsp;<strong>esclarecer las conductas<\/strong>&nbsp;que podr\u00edan perjudicar a los compradores minoristas. Esperamos abordar estos asuntos en los tribunales\u201d.<\/p>\n\n\n\n<h2 class=\"wp-block-heading\">Las menciones a Javier Milei en la primera demanda colectiva de ahorristas por el esc\u00e1ndalo de Libra<\/h2>\n\n\n\n<ul class=\"wp-block-list\">\n<li>\u201cLos demandados promocionaron el token $LIBRA como una iniciativa econ\u00f3mica significativa dise\u00f1ada para impulsar el crecimiento econ\u00f3mico en Argentina mediante el financiamiento de peque\u00f1as empresas, startups y proyectos educativos. Estas iniciativas promocionales se basaron en el respaldo de<strong>\u00a0alto perfil<\/strong>\u00a0del presidente argentino, Javier Milei, lo que cre\u00f3 una<strong>\u00a0apariencia de legitimidad<\/strong>\u00a0y un valor de inversi\u00f3n significativo para el token\u201d.<\/li>\n\n\n\n<li>\u201cAl igual que muchas otras memecoins de Solana lanzadas utilizando la infraestructura de Meteora y coordinadas por el equipo de Kelsier Ventures, $LIBRA us\u00f3 la imagen de personas\u00a0<strong>influyentes,<\/strong>\u00a0en particular la del presidente de la Argentina, Javier Milei\u201d.<\/li>\n\n\n\n<li>\u201cEspec\u00edficamente, el sitio web de la memecoin $LIBRA declar\u00f3: (1) \u2018Un token con prop\u00f3sito: $LIBRA\u201d; \u2018(2) \u2019Como s\u00edmbolo de este movimiento y en honor a las ideas libertarias de Javier Milei, lanzamos el token $LIBRA, dise\u00f1ado para<strong>\u00a0fortalecer la econom\u00eda\u00a0<\/strong>argentina desde cero, apoyando el emprendimiento y la innovaci\u00f3n&#8217;; y (3) \u2018Con este token, buscamos canalizar el financiamiento de manera eficiente y descentralizada, permitiendo que compradores y ciudadanos participen del\u00a0<strong>crecimiento<\/strong>\u00a0de la Argentina&#8217;\u201d.<\/li>\n\n\n\n<li>\u201cAl alinear el lanzamiento del token con el respaldo de alto perfil del presidente de Argentina, Javier Milei, y enfatizar repetidamente conceptos como la revitalizaci\u00f3n econ\u00f3mica, la financiaci\u00f3n descentralizada y la transparencia financiera, los demandados\u00a0<strong>cultivaron intencionalmente<\/strong>\u00a0una apariencia de legitimidad y una\u00a0<strong>falsa seguridad\u00a0<\/strong>del potencial econ\u00f3mico del token\u201d.<\/li>\n\n\n\n<li>\u201cLos demandados promocionaron el token $LIBRA como un proyecto justo, transparente e impulsado por la comunidad. Las\u00a0<strong>declaraciones promocionales<\/strong>\u00a0del presidente argentino Javier Milei, as\u00ed como el sitio web oficial de LIBRA,\u00a0<strong>prometieron expl\u00edcitamente<\/strong>\u00a0que los fondos recaudados con la venta del token apoyar\u00edan directamente el crecimiento econ\u00f3mico y la actividad empresarial en la Argentina. Sin embargo, estas afirmaciones eran sustancialmente falsas, enga\u00f1osas y confusas\u201d.<\/li>\n\n\n\n<li>\u201cLos demandados\u00a0<strong>usaron la imagen y el respaldo<\/strong>\u00a0de figuras pol\u00edticas prominentes, en particular del presidente Javier Milei, para promover y legitimar a\u00fan m\u00e1s el token $LIBRA. Esta estrategia se calcul\u00f3 para generar\u00a0<strong>confianza\u00a0<\/strong>en los inversores y fomentar\u00a0<strong>expectativas\u00a0<\/strong>de beneficios econ\u00f3micos sustanciales asociados con la compra y tenencia del token\u201d.<\/li>\n<\/ul>\n","protected":false},"excerpt":{"rendered":"<p>Fue impulsada por un estudio jur\u00eddico especializado en litigios con criptomonedas. La presentaci\u00f3n judicial ante la corte de Nueva York no acusa al presidente Javier Milei ni a su hermana.&hellip; <\/p>\n","protected":false},"author":8,"featured_media":197305,"comment_status":"closed","ping_status":"open","sticky":false,"template":"","format":"standard","meta":{"footnotes":""},"categories":[3],"tags":[],"class_list":["post-197304","post","type-post","status-publish","format-standard","has-post-thumbnail","hentry","category-politica"],"_links":{"self":[{"href":"https:\/\/corrientesdetarde.com\/index.php\/wp-json\/wp\/v2\/posts\/197304","targetHints":{"allow":["GET"]}}],"collection":[{"href":"https:\/\/corrientesdetarde.com\/index.php\/wp-json\/wp\/v2\/posts"}],"about":[{"href":"https:\/\/corrientesdetarde.com\/index.php\/wp-json\/wp\/v2\/types\/post"}],"author":[{"embeddable":true,"href":"https:\/\/corrientesdetarde.com\/index.php\/wp-json\/wp\/v2\/users\/8"}],"replies":[{"embeddable":true,"href":"https:\/\/corrientesdetarde.com\/index.php\/wp-json\/wp\/v2\/comments?post=197304"}],"version-history":[{"count":1,"href":"https:\/\/corrientesdetarde.com\/index.php\/wp-json\/wp\/v2\/posts\/197304\/revisions"}],"predecessor-version":[{"id":197306,"href":"https:\/\/corrientesdetarde.com\/index.php\/wp-json\/wp\/v2\/posts\/197304\/revisions\/197306"}],"wp:featuredmedia":[{"embeddable":true,"href":"https:\/\/corrientesdetarde.com\/index.php\/wp-json\/wp\/v2\/media\/197305"}],"wp:attachment":[{"href":"https:\/\/corrientesdetarde.com\/index.php\/wp-json\/wp\/v2\/media?parent=197304"}],"wp:term":[{"taxonomy":"category","embeddable":true,"href":"https:\/\/corrientesdetarde.com\/index.php\/wp-json\/wp\/v2\/categories?post=197304"},{"taxonomy":"post_tag","embeddable":true,"href":"https:\/\/corrientesdetarde.com\/index.php\/wp-json\/wp\/v2\/tags?post=197304"}],"curies":[{"name":"wp","href":"https:\/\/api.w.org\/{rel}","templated":true}]}}