{"id":197307,"date":"2025-03-18T15:17:56","date_gmt":"2025-03-18T18:17:56","guid":{"rendered":"https:\/\/corrientesdetarde.com\/?p=197307"},"modified":"2025-03-18T15:18:00","modified_gmt":"2025-03-18T18:18:00","slug":"a-la-espera-de-su-oficializacion-se-supo-de-cuanto-seria-la-jubilacion-minima-y-maxima-en-abril-de-2025","status":"publish","type":"post","link":"https:\/\/corrientesdetarde.com\/index.php\/economia\/a-la-espera-de-su-oficializacion-se-supo-de-cuanto-seria-la-jubilacion-minima-y-maxima-en-abril-de-2025\/","title":{"rendered":"A la espera de su oficializaci\u00f3n, se supo de cu\u00e1nto ser\u00eda la jubilaci\u00f3n m\u00ednima y m\u00e1xima en abril de 2025"},"content":{"rendered":"\n<p>Los haberes se actualizan seg\u00fan el dato de inflaci\u00f3n m\u00e1s reciente. En febrero fue de 2,4%, inform\u00f3 el INDEC.<\/p>\n\n\n\n<p>Los\u00a0<strong>jubilados<\/strong> y\u00a0<strong>pensionados\u00a0<\/strong>de la Argentina recibir\u00e1n un\u00a0<strong>aumento<\/strong>\u00a0<strong>del 2,4%<\/strong>\u00a0en los montos de las\u00a0<strong>jubilaciones m\u00ednimas\u00a0<\/strong>y\u00a0<strong>m\u00e1ximas\u00a0<\/strong>para abril de 2025, de acuerdo con el\u00a0<strong>dato de inflaci\u00f3n de febrero<\/strong>\u00a0que inform\u00f3 el INDEC.<\/p>\n\n\n\n<p>Seg\u00fan los c\u00e1lculos basados en la evoluci\u00f3n del&nbsp;<strong>\u00cdndice de Precios al Consumidor&nbsp;<\/strong>(IPC), el haber m\u00ednimo en abril ser\u00eda de&nbsp;<strong>$285,820,63.<\/strong>&nbsp;Este aumento corresponder\u00eda a la&nbsp;<strong>inflaci\u00f3n de febrero de 2025, que fue del 2,4%<\/strong>.<\/p>\n\n\n\n<p>Por su parte, la&nbsp;<strong>jubilaci\u00f3n m\u00e1xima&nbsp;<\/strong>ser\u00eda, de acuerdo con los c\u00e1lculos basados en la evoluci\u00f3n del IPC, de<strong>&nbsp;$1.923.302,29<\/strong>.<\/p>\n\n\n\n<figure class=\"wp-block-image\"><img decoding=\"async\" src=\"https:\/\/tn.com.ar\/resizer\/v2\/cuanto-cobraran-los-jubilados-y-pensionados-en-marzo-de-2025-foto-anses-EOCK2CT6MNC5BPX4XGJRJAF3ZU.jpg?auth=37c3778130312f7f809b1bc7fe2d60e14ab364546bfd73432e35b59809152a1c&amp;width=767\" alt=\"Cu\u00e1nto cobrar\u00e1n los jubilados y pensionados en marzo de 2025. (Foto: ANSES)\"\/><\/figure>\n\n\n\n<p>Adem\u00e1s,&nbsp;<strong>se espera que el gobierno de Javier Milei otorgue un nuevo bono de $70.000<\/strong>&nbsp;para los jubilados y pensionados que cobran hasta un haber m\u00ednimo. Sin embargo, esta informaci\u00f3n se confirmar\u00e1 cera del inicio de cronograma mensual de pagos.<\/p>\n\n\n\n<p>El incremento para las jubilaciones y otras asignaciones que paga la Administraci\u00f3n Nacional de la Seguridad Social se rige por la&nbsp;<strong>f\u00f3rmula de movilidad&nbsp;<\/strong>establecida por el DNU 274, que sigue la evoluci\u00f3n mensual de los precios.<\/p>\n","protected":false},"excerpt":{"rendered":"<p>Los haberes se actualizan seg\u00fan el dato de inflaci\u00f3n m\u00e1s reciente. En febrero fue de 2,4%, inform\u00f3 el INDEC. Los\u00a0jubilados y\u00a0pensionados\u00a0de la Argentina recibir\u00e1n un\u00a0aumento\u00a0del 2,4%\u00a0en los montos de las\u00a0jubilaciones&hellip; <\/p>\n","protected":false},"author":8,"featured_media":197308,"comment_status":"closed","ping_status":"open","sticky":false,"template":"","format":"standard","meta":{"footnotes":""},"categories":[20],"tags":[],"class_list":["post-197307","post","type-post","status-publish","format-standard","has-post-thumbnail","hentry","category-economia"],"_links":{"self":[{"href":"https:\/\/corrientesdetarde.com\/index.php\/wp-json\/wp\/v2\/posts\/197307","targetHints":{"allow":["GET"]}}],"collection":[{"href":"https:\/\/corrientesdetarde.com\/index.php\/wp-json\/wp\/v2\/posts"}],"about":[{"href":"https:\/\/corrientesdetarde.com\/index.php\/wp-json\/wp\/v2\/types\/post"}],"author":[{"embeddable":true,"href":"https:\/\/corrientesdetarde.com\/index.php\/wp-json\/wp\/v2\/users\/8"}],"replies":[{"embeddable":true,"href":"https:\/\/corrientesdetarde.com\/index.php\/wp-json\/wp\/v2\/comments?post=197307"}],"version-history":[{"count":1,"href":"https:\/\/corrientesdetarde.com\/index.php\/wp-json\/wp\/v2\/posts\/197307\/revisions"}],"predecessor-version":[{"id":197309,"href":"https:\/\/corrientesdetarde.com\/index.php\/wp-json\/wp\/v2\/posts\/197307\/revisions\/197309"}],"wp:featuredmedia":[{"embeddable":true,"href":"https:\/\/corrientesdetarde.com\/index.php\/wp-json\/wp\/v2\/media\/197308"}],"wp:attachment":[{"href":"https:\/\/corrientesdetarde.com\/index.php\/wp-json\/wp\/v2\/media?parent=197307"}],"wp:term":[{"taxonomy":"category","embeddable":true,"href":"https:\/\/corrientesdetarde.com\/index.php\/wp-json\/wp\/v2\/categories?post=197307"},{"taxonomy":"post_tag","embeddable":true,"href":"https:\/\/corrientesdetarde.com\/index.php\/wp-json\/wp\/v2\/tags?post=197307"}],"curies":[{"name":"wp","href":"https:\/\/api.w.org\/{rel}","templated":true}]}}