{"id":197325,"date":"2025-03-18T16:05:10","date_gmt":"2025-03-18T19:05:10","guid":{"rendered":"https:\/\/corrientesdetarde.com\/?p=197325"},"modified":"2025-03-18T16:05:13","modified_gmt":"2025-03-18T19:05:13","slug":"el-gobierno-defiende-su-plan-economico-en-el-congreso-y-busca-apoyo-para-avanzar-en-el-acuerdo-con-el-fmi","status":"publish","type":"post","link":"https:\/\/corrientesdetarde.com\/index.php\/economia\/el-gobierno-defiende-su-plan-economico-en-el-congreso-y-busca-apoyo-para-avanzar-en-el-acuerdo-con-el-fmi\/","title":{"rendered":"El Gobierno defiende su plan econ\u00f3mico en el Congreso y busca apoyo para avanzar en el acuerdo con el FMI"},"content":{"rendered":"\n<p>Funcionarios del Ministerio de Econom\u00eda y el Banco Central se presentan ante la Comisi\u00f3n Bicameral de Tr\u00e1mite Legislativo. Buscar\u00e1n explicar los detalles del programa con el organismo multilateral de cr\u00e9dito.<\/p>\n\n\n\n<p>En buscal del aval del Congreso, el Gobierno defiende desde las 16 la validez del Decreto de Necesidad y Urgencia (DNU) que aprueba el\u00a0acuerdo con Fondo Monetario Internacional\u00a0(FMI).<\/p>\n\n\n\n<p>De esta manera, funcionarios del Ministerio de Econom\u00eda y el Banco Central se presentan ante la Comisi\u00f3n Bicameral de Tr\u00e1mite Legislativo con el objetivo de que expliquen los detalles del decreto, as\u00ed como la evoluci\u00f3n de la negociaci\u00f3n con el organismo.<\/p>\n","protected":false},"excerpt":{"rendered":"<p>Funcionarios del Ministerio de Econom\u00eda y el Banco Central se presentan ante la Comisi\u00f3n Bicameral de Tr\u00e1mite Legislativo. Buscar\u00e1n explicar los detalles del programa con el organismo multilateral de cr\u00e9dito.&hellip; <\/p>\n","protected":false},"author":8,"featured_media":197326,"comment_status":"closed","ping_status":"open","sticky":false,"template":"","format":"standard","meta":{"footnotes":""},"categories":[20],"tags":[],"class_list":["post-197325","post","type-post","status-publish","format-standard","has-post-thumbnail","hentry","category-economia"],"_links":{"self":[{"href":"https:\/\/corrientesdetarde.com\/index.php\/wp-json\/wp\/v2\/posts\/197325","targetHints":{"allow":["GET"]}}],"collection":[{"href":"https:\/\/corrientesdetarde.com\/index.php\/wp-json\/wp\/v2\/posts"}],"about":[{"href":"https:\/\/corrientesdetarde.com\/index.php\/wp-json\/wp\/v2\/types\/post"}],"author":[{"embeddable":true,"href":"https:\/\/corrientesdetarde.com\/index.php\/wp-json\/wp\/v2\/users\/8"}],"replies":[{"embeddable":true,"href":"https:\/\/corrientesdetarde.com\/index.php\/wp-json\/wp\/v2\/comments?post=197325"}],"version-history":[{"count":1,"href":"https:\/\/corrientesdetarde.com\/index.php\/wp-json\/wp\/v2\/posts\/197325\/revisions"}],"predecessor-version":[{"id":197327,"href":"https:\/\/corrientesdetarde.com\/index.php\/wp-json\/wp\/v2\/posts\/197325\/revisions\/197327"}],"wp:featuredmedia":[{"embeddable":true,"href":"https:\/\/corrientesdetarde.com\/index.php\/wp-json\/wp\/v2\/media\/197326"}],"wp:attachment":[{"href":"https:\/\/corrientesdetarde.com\/index.php\/wp-json\/wp\/v2\/media?parent=197325"}],"wp:term":[{"taxonomy":"category","embeddable":true,"href":"https:\/\/corrientesdetarde.com\/index.php\/wp-json\/wp\/v2\/categories?post=197325"},{"taxonomy":"post_tag","embeddable":true,"href":"https:\/\/corrientesdetarde.com\/index.php\/wp-json\/wp\/v2\/tags?post=197325"}],"curies":[{"name":"wp","href":"https:\/\/api.w.org\/{rel}","templated":true}]}}