{"id":197331,"date":"2025-03-18T16:15:42","date_gmt":"2025-03-18T19:15:42","guid":{"rendered":"https:\/\/corrientesdetarde.com\/?p=197331"},"modified":"2025-03-18T16:15:47","modified_gmt":"2025-03-18T19:15:47","slug":"la-escalofriante-declaracion-del-policia-que-vio-el-cuerpo-de-maradona-estaba-a-punto-de-explotar","status":"publish","type":"post","link":"https:\/\/corrientesdetarde.com\/index.php\/deportes\/la-escalofriante-declaracion-del-policia-que-vio-el-cuerpo-de-maradona-estaba-a-punto-de-explotar\/","title":{"rendered":"La escalofriante declaraci\u00f3n del polic\u00eda que vio el cuerpo de Maradona: \u201cEstaba a punto de explotar\u201d"},"content":{"rendered":"\n<p>El oficial Lucas Far\u00edas, a cargo de la dependencia policial de Villa La \u00d1ata, record\u00f3 haber visto \u201cun bulto prominente\u201d en la habitaci\u00f3n de la casa del country San Andr\u00e9s. \u201cMe caus\u00f3 una sorpresa enorme\u201d, dijo en el juicio.<\/p>\n\n\n\n<p>El oficial Lucas Far\u00edas,\u00a0<strong>primer polic\u00eda que encontr\u00f3 muerto a\u00a0Diego Maradona<\/strong>, la tarde del 25 de noviembre de 2020, record\u00f3 haber visto \u201c<strong>un bulto prominente<\/strong>\u201d en la habitaci\u00f3n de la casa del country San Andr\u00e9s y que le caus\u00f3 \u201c<strong>una sorpresa enorme<\/strong>\u201d constatar que el cuerpo pertenec\u00eda al astro.<\/p>\n\n\n\n<p>\u201c<strong>Verlo as\u00ed a Maradona fue una sorpresa enorme<\/strong>\u201d, coment\u00f3 quien por entonces se desempe\u00f1aba como titular de la dependencia de Villa La \u00d1ata, tercer testigo que declar\u00f3 hoy en el juicio.<\/p>\n\n\n\n<p>Far\u00edas tom\u00f3 conocimiento de que hab\u00eda \u201calg\u00fan problema\u201d, alertado por su superior. \u201cCuando ingreso al barrio con mi auto, observo siete ambulancias m\u00e1s o menos. Llego a la tranquera lateral de la casa y una persona (Julio Coria, personal de seguridad) me hizo una se\u00f1a diciendo:&nbsp;<strong>\u2018Me parece que falleci\u00f3\u2019<\/strong>\u201d, reconstruy\u00f3.<\/p>\n\n\n\n<p>\u201cCuando ingreso a la cocina, que estaba que estaba continua a la habitaci\u00f3n, me encuentro a (Claudia) Villafa\u00f1e, que me pregunt\u00f3 qui\u00e9n hab\u00eda llamado a la polic\u00eda. Mientras hablaba con ella, me asomo y<strong>&nbsp;veo en la cama un bulto prominente que estaba tapado<\/strong>\u201d, record\u00f3.<\/p>\n\n\n\n<p>\u201c<strong>Eso me hizo suponer que hab\u00eda alguien muerto.<\/strong>&nbsp;Ah\u00ed explic\u00f3 que hab\u00eda que preservar el lugar y le avis\u00f3 a la fiscal. Hice un per\u00edmetro de seguridad y me qued\u00e9 en la casa para que nadie entrara a la habitaci\u00f3n\u201d, relat\u00f3.<\/p>\n\n\n\n<p>\u201cEn la casa estaban Coria, Claudia Villafa\u00f1e, Jana Maradona y otros familiares que no recuerdo qui\u00e9nes eran. Hab\u00eda dos sobrinos\u201d, agreg\u00f3.<\/p>\n\n\n\n<p>Far\u00edas coment\u00f3 que, una vez llegado el personal de pericias, empez\u00f3 a \u201ctomar apuntes a mano\u201d. \u201c<strong>Una directiva era que nadie usara celulares para que no se filtrara ninguna imagen que fuera negativa para la instrucci\u00f3n<\/strong>\u201d, explic\u00f3.<\/p>\n\n\n\n<p>\u201cCuando ingres\u00e9 al cuarto vi un bulto prominente, tapado con una s\u00e1bana. Lo destapan y veo que es el cuerpo.&nbsp;<strong>Me caus\u00f3 una sorpresa enorme verlo as\u00ed a Maradona<\/strong>\u201d, admiti\u00f3 Far\u00edas.<\/p>\n\n\n\n<p>\u201c<strong>Le vi el abdomen muy inflamado, estaba a punto de explotar. Ten\u00eda un pantal\u00f3n de Gimnasia y una remera negra. No pens\u00e9 nunca encontrarme con esa imagen<\/strong>\u201d, confes\u00f3.<\/p>\n\n\n\n<p>\u201c<strong>La habitaci\u00f3n era normal. No recuerdo elementos m\u00e9dicos<\/strong>. No vi sueros, tampoco instrumentaci\u00f3n. A las 17.30 se levant\u00f3 el cuerpo y se lo trasladado a la morguera. A 17.50 se le hizo entrega de la casa a Gianinna para resguardo\u201d.<\/p>\n\n\n\n<p>\u201cLa casa&nbsp;<strong>ten\u00eda una condici\u00f3n regular de higiene.<\/strong>&nbsp;Hab\u00eda desorden, pero t\u00edpico de una casa. Vi que el calzado de Diego estaba al pie de la cama y unos platos con sanguches de miga en la mesa de luz\u201d, concluy\u00f3.<\/p>\n","protected":false},"excerpt":{"rendered":"<p>El oficial Lucas Far\u00edas, a cargo de la dependencia policial de Villa La \u00d1ata, record\u00f3 haber visto \u201cun bulto prominente\u201d en la habitaci\u00f3n de la casa del country San Andr\u00e9s.&hellip; <\/p>\n","protected":false},"author":8,"featured_media":197332,"comment_status":"closed","ping_status":"open","sticky":false,"template":"","format":"standard","meta":{"footnotes":""},"categories":[4],"tags":[],"class_list":["post-197331","post","type-post","status-publish","format-standard","has-post-thumbnail","hentry","category-deportes"],"_links":{"self":[{"href":"https:\/\/corrientesdetarde.com\/index.php\/wp-json\/wp\/v2\/posts\/197331","targetHints":{"allow":["GET"]}}],"collection":[{"href":"https:\/\/corrientesdetarde.com\/index.php\/wp-json\/wp\/v2\/posts"}],"about":[{"href":"https:\/\/corrientesdetarde.com\/index.php\/wp-json\/wp\/v2\/types\/post"}],"author":[{"embeddable":true,"href":"https:\/\/corrientesdetarde.com\/index.php\/wp-json\/wp\/v2\/users\/8"}],"replies":[{"embeddable":true,"href":"https:\/\/corrientesdetarde.com\/index.php\/wp-json\/wp\/v2\/comments?post=197331"}],"version-history":[{"count":1,"href":"https:\/\/corrientesdetarde.com\/index.php\/wp-json\/wp\/v2\/posts\/197331\/revisions"}],"predecessor-version":[{"id":197333,"href":"https:\/\/corrientesdetarde.com\/index.php\/wp-json\/wp\/v2\/posts\/197331\/revisions\/197333"}],"wp:featuredmedia":[{"embeddable":true,"href":"https:\/\/corrientesdetarde.com\/index.php\/wp-json\/wp\/v2\/media\/197332"}],"wp:attachment":[{"href":"https:\/\/corrientesdetarde.com\/index.php\/wp-json\/wp\/v2\/media?parent=197331"}],"wp:term":[{"taxonomy":"category","embeddable":true,"href":"https:\/\/corrientesdetarde.com\/index.php\/wp-json\/wp\/v2\/categories?post=197331"},{"taxonomy":"post_tag","embeddable":true,"href":"https:\/\/corrientesdetarde.com\/index.php\/wp-json\/wp\/v2\/tags?post=197331"}],"curies":[{"name":"wp","href":"https:\/\/api.w.org\/{rel}","templated":true}]}}