{"id":197425,"date":"2025-03-19T08:04:19","date_gmt":"2025-03-19T11:04:19","guid":{"rendered":"https:\/\/corrientesdetarde.com\/?p=197425"},"modified":"2025-03-19T08:04:23","modified_gmt":"2025-03-19T11:04:23","slug":"retomaron-las-obras-en-el-hogar-escuela-juan-domingo-peron","status":"publish","type":"post","link":"https:\/\/corrientesdetarde.com\/index.php\/sociales\/retomaron-las-obras-en-el-hogar-escuela-juan-domingo-peron\/","title":{"rendered":"Retomaron las obras en el Hogar Escuela \u201cJuan Domingo Per\u00f3n\u201d"},"content":{"rendered":"\n<p>Las obras en el Hogar Escuela \u201cJuan Domingo Per\u00f3n\u201d de la ciudad de Corrientes, se volvieron a reanudar la semana pasada luego de permanecer paralizadas por un a\u00f1o con un 60% de avance.\u00a0<strong>El presupuesto provincial es de $2.040.021.248 y los trabajos est\u00e1n a cargo del Ministerio de Educaci\u00f3n a trav\u00e9s de la Subsecretar\u00eda de Infraestructura Escolar.\u00a0<\/strong><\/p>\n\n\n\n<p><\/p>\n\n\n\n<p>El gran edificio, proyecta la construcci\u00f3n de 12 aulas, dormitorios para albergar a 300 chicos, comedor, cocina, sanitarios, play\u00f3n deportivo y otros espacios de usos m\u00faltiples. A partir de la semana pasada se encuentra en plena ejecuci\u00f3n de obras&nbsp;<strong>y se estima que los trabajos concluyan el a\u00f1o que viene ya que tiene un plazo de 360 d\u00edas.&nbsp;<\/strong><\/p>\n\n\n\n<p><strong>El edificio albergar\u00e1 los tres ciclos lectivos y estar\u00e1 ubicado en Chacabuco y Madariaga, contar\u00e1 con 12 aulas, dos talleres y un sal\u00f3n de usos m\u00faltiples, dos sectores de gobierno, play\u00f3n deportivo, dormitorios, comedor, cocina, ba\u00f1os para varones, mujeres y personas con movilidad disminuida y un jard\u00edn de infantes con tres aulas, todo en el mismo predio.&nbsp;<\/strong><\/p>\n\n\n\n<p>El establecimiento educativo funcion\u00f3 en la esquina de avenida Pedro Ferr\u00e9 al 2755 hasta marzo de 2020, cuando inici\u00f3 la pandemia por el covid-19 y el sitio fue utilizado como Hospital de Campa\u00f1a debido a la amplia capacidad que ten\u00eda.&nbsp;<\/p>\n\n\n\n<p>Debido a esto, la instituci\u00f3n fue reubicada por Chacabuco y Madariaga frente a la parroquia Santa Teresita del Ni\u00f1o Jes\u00fas, a 10 cuadras de su anterior ubicaci\u00f3n.<\/p>\n\n\n\n<figure class=\"wp-block-image size-large\"><img loading=\"lazy\" decoding=\"async\" width=\"1024\" height=\"576\" src=\"https:\/\/corrientesdetarde.com\/wp-content\/uploads\/2025\/03\/image-746-1024x576.png\" alt=\"\" class=\"wp-image-197430\" srcset=\"https:\/\/corrientesdetarde.com\/wp-content\/uploads\/2025\/03\/image-746-1024x576.png 1024w, https:\/\/corrientesdetarde.com\/wp-content\/uploads\/2025\/03\/image-746-300x169.png 300w, https:\/\/corrientesdetarde.com\/wp-content\/uploads\/2025\/03\/image-746-768x432.png 768w, https:\/\/corrientesdetarde.com\/wp-content\/uploads\/2025\/03\/image-746.png 1200w\" sizes=\"auto, (max-width: 1024px) 100vw, 1024px\" \/><\/figure>\n","protected":false},"excerpt":{"rendered":"<p>Las obras en el Hogar Escuela \u201cJuan Domingo Per\u00f3n\u201d de la ciudad de Corrientes, se volvieron a reanudar la semana pasada luego de permanecer paralizadas por un a\u00f1o con un&hellip; <\/p>\n","protected":false},"author":1,"featured_media":197429,"comment_status":"closed","ping_status":"open","sticky":false,"template":"","format":"standard","meta":{"footnotes":""},"categories":[17],"tags":[],"class_list":["post-197425","post","type-post","status-publish","format-standard","has-post-thumbnail","hentry","category-sociales"],"_links":{"self":[{"href":"https:\/\/corrientesdetarde.com\/index.php\/wp-json\/wp\/v2\/posts\/197425","targetHints":{"allow":["GET"]}}],"collection":[{"href":"https:\/\/corrientesdetarde.com\/index.php\/wp-json\/wp\/v2\/posts"}],"about":[{"href":"https:\/\/corrientesdetarde.com\/index.php\/wp-json\/wp\/v2\/types\/post"}],"author":[{"embeddable":true,"href":"https:\/\/corrientesdetarde.com\/index.php\/wp-json\/wp\/v2\/users\/1"}],"replies":[{"embeddable":true,"href":"https:\/\/corrientesdetarde.com\/index.php\/wp-json\/wp\/v2\/comments?post=197425"}],"version-history":[{"count":1,"href":"https:\/\/corrientesdetarde.com\/index.php\/wp-json\/wp\/v2\/posts\/197425\/revisions"}],"predecessor-version":[{"id":197431,"href":"https:\/\/corrientesdetarde.com\/index.php\/wp-json\/wp\/v2\/posts\/197425\/revisions\/197431"}],"wp:featuredmedia":[{"embeddable":true,"href":"https:\/\/corrientesdetarde.com\/index.php\/wp-json\/wp\/v2\/media\/197429"}],"wp:attachment":[{"href":"https:\/\/corrientesdetarde.com\/index.php\/wp-json\/wp\/v2\/media?parent=197425"}],"wp:term":[{"taxonomy":"category","embeddable":true,"href":"https:\/\/corrientesdetarde.com\/index.php\/wp-json\/wp\/v2\/categories?post=197425"},{"taxonomy":"post_tag","embeddable":true,"href":"https:\/\/corrientesdetarde.com\/index.php\/wp-json\/wp\/v2\/tags?post=197425"}],"curies":[{"name":"wp","href":"https:\/\/api.w.org\/{rel}","templated":true}]}}