{"id":197426,"date":"2025-03-19T08:00:42","date_gmt":"2025-03-19T11:00:42","guid":{"rendered":"https:\/\/corrientesdetarde.com\/?p=197426"},"modified":"2025-03-19T08:00:46","modified_gmt":"2025-03-19T11:00:46","slug":"policia-denuncio-robo-de-su-auto-con-18-pistolas-automaticas-dentro","status":"publish","type":"post","link":"https:\/\/corrientesdetarde.com\/index.php\/locales\/policia-denuncio-robo-de-su-auto-con-18-pistolas-automaticas-dentro\/","title":{"rendered":"Polic\u00eda denunci\u00f3 robo de su auto con 18 pistolas autom\u00e1ticas dentro"},"content":{"rendered":"\n<p>Un efectivo de la Polic\u00eda de la Provincia denunci\u00f3 ayer por la ma\u00f1ana, en la ciudad correntina de Paso de los Libres, el robo de su autom\u00f3vil con unas 18 armas semiautom\u00e1ticas y de guerra en su interior. El veh\u00edculo apareci\u00f3 incendiado en un camino vecinal, pero el arsenal que dijo que llevaba desapareci\u00f3 misteriosamente. Ahora para la Justicia hay demasiados interrogantes con pocas respuestas.<\/p>\n\n\n\n<p>El denunciante es un hombre de 29 a\u00f1os identificado como J. R. Rold\u00e1n, funcionario policial, con prestaci\u00f3n de servicio en la Comisar\u00eda de la Mujer y el Menor en la ciudad de Paso de los Libres.<\/p>\n\n\n<div class=\"wp-block-image\">\n<figure class=\"aligncenter\"><img decoding=\"async\" src=\"https:\/\/www.diarioepoca.com\/content\/bucket\/9\/1420329w380h522c.jpg.webp\" alt=\"\"\/><figcaption class=\"wp-element-caption\">EL VEH\u00cdCULO ESTABA COMPLETAMENTE DESTRUIDO.<\/figcaption><\/figure>\n<\/div>\n\n\n<p>Seg\u00fan el testimonio del funcionario de seguridad, el lunes por la noche, cerca de las 22, hab\u00eda ido hasta la casa de su hermano, en el barrio Nuevo Amanecer, a bordo de su autom\u00f3vil Volkswagen Passat de color gris. Baj\u00f3 a hablar con su familiar por casi una hora, pero extra\u00f1amente dej\u00f3 las llaves colocadas en el veh\u00edculo.<\/p>\n\n\n\n<p>Cuando se retir\u00f3, el autom\u00f3vil ya no estaba, as\u00ed como tampoco su uniforme t\u00e1ctico y 18 armas semiautom\u00e1ticas que denunci\u00f3 le pertenec\u00edan. El arsenal, por el que solo declar\u00f3 tener comprobantes digitales, estaba compuesto por 16 pistolas calibre .9 mil\u00edmetros similares a las utilizadas por las fuerzas de seguridad. Adem\u00e1s report\u00f3 dos pistolas calibre .40 mil\u00edmetros. Todas armas valuadas en alrededor de $17.000.000. Entre los objetos robados, el polic\u00eda dijo que tambi\u00e9n se llevaron su chaleco antibalas y dos cajas de 50 municiones cada una para los calibres sustra\u00eddos.<\/p>\n\n\n\n<p>Seg\u00fan indicaron las fuentes consultadas, el hecho reci\u00e9n fue reportado alrededor de las 7 de la ma\u00f1ana en la Comisar\u00eda Primera de Paso de los Libres y ante sus camaradas, Rold\u00e1n dijo ser el due\u00f1o de todas las armas reportadas.<\/p>\n\n\n\n<p>En su denuncia, el joven polic\u00eda en actividad desde hace alrededor de cuatro a\u00f1os dijo que el d\u00eda anterior hab\u00eda planeado dirigirse hasta un lugar a realizar pr\u00e1ctica de tiro, pero como este plan se hab\u00eda truncado dej\u00f3 las armas y municiones dentro del veh\u00edculo todo el d\u00eda y se olvid\u00f3 de bajarlas en su casa.<\/p>\n\n\n\n<h2 class=\"wp-block-heading\">Apareci\u00f3 incendiado<\/h2>\n\n\n\n<p>Mientras la Polic\u00eda era alertada de la situaci\u00f3n a trav\u00e9s de la denuncia de Rold\u00e1n, en las afueras de la ciudad, sobre un camino vecinal de tierra, los bomberos y las fuerzas de seguridad fueron alertadas sobre un veh\u00edculo en llamas que result\u00f3 ser el Passat que estaba siendo reportado como sustra\u00eddo.<\/p>\n\n\n\n<p>El veh\u00edculo qued\u00f3 completamente consumido por el fuego y los investigadores no encontraron ninguna de las armas del arsenal denunciado como robado la noche anterior por el agente.<\/p>\n\n\n\n<p>En el lugar, la Polic\u00eda hall\u00f3 algunas huellas que podr\u00edan ser de otro veh\u00edculo que podr\u00eda estar involucrado en esa maniobra.<\/p>\n\n\n\n<p>El caso est\u00e1 bajo un estricto hermetismo debido a que una vez m\u00e1s hay un funcionario policial involucrado, aunque hasta el momento como v\u00edctima.<\/p>\n","protected":false},"excerpt":{"rendered":"<p>Un efectivo de la Polic\u00eda de la Provincia denunci\u00f3 ayer por la ma\u00f1ana, en la ciudad correntina de Paso de los Libres, el robo de su autom\u00f3vil con unas 18&hellip; <\/p>\n","protected":false},"author":1,"featured_media":197427,"comment_status":"closed","ping_status":"open","sticky":false,"template":"","format":"standard","meta":{"footnotes":""},"categories":[8],"tags":[],"class_list":["post-197426","post","type-post","status-publish","format-standard","has-post-thumbnail","hentry","category-locales"],"_links":{"self":[{"href":"https:\/\/corrientesdetarde.com\/index.php\/wp-json\/wp\/v2\/posts\/197426","targetHints":{"allow":["GET"]}}],"collection":[{"href":"https:\/\/corrientesdetarde.com\/index.php\/wp-json\/wp\/v2\/posts"}],"about":[{"href":"https:\/\/corrientesdetarde.com\/index.php\/wp-json\/wp\/v2\/types\/post"}],"author":[{"embeddable":true,"href":"https:\/\/corrientesdetarde.com\/index.php\/wp-json\/wp\/v2\/users\/1"}],"replies":[{"embeddable":true,"href":"https:\/\/corrientesdetarde.com\/index.php\/wp-json\/wp\/v2\/comments?post=197426"}],"version-history":[{"count":1,"href":"https:\/\/corrientesdetarde.com\/index.php\/wp-json\/wp\/v2\/posts\/197426\/revisions"}],"predecessor-version":[{"id":197428,"href":"https:\/\/corrientesdetarde.com\/index.php\/wp-json\/wp\/v2\/posts\/197426\/revisions\/197428"}],"wp:featuredmedia":[{"embeddable":true,"href":"https:\/\/corrientesdetarde.com\/index.php\/wp-json\/wp\/v2\/media\/197427"}],"wp:attachment":[{"href":"https:\/\/corrientesdetarde.com\/index.php\/wp-json\/wp\/v2\/media?parent=197426"}],"wp:term":[{"taxonomy":"category","embeddable":true,"href":"https:\/\/corrientesdetarde.com\/index.php\/wp-json\/wp\/v2\/categories?post=197426"},{"taxonomy":"post_tag","embeddable":true,"href":"https:\/\/corrientesdetarde.com\/index.php\/wp-json\/wp\/v2\/tags?post=197426"}],"curies":[{"name":"wp","href":"https:\/\/api.w.org\/{rel}","templated":true}]}}