{"id":197501,"date":"2025-03-19T13:18:12","date_gmt":"2025-03-19T16:18:12","guid":{"rendered":"https:\/\/corrientesdetarde.com\/?p=197501"},"modified":"2025-03-19T13:18:16","modified_gmt":"2025-03-19T16:18:16","slug":"piden-informes-sobre-cumplimiento-de-las-leyes-de-epof-y-beltran","status":"publish","type":"post","link":"https:\/\/corrientesdetarde.com\/index.php\/politica\/piden-informes-sobre-cumplimiento-de-las-leyes-de-epof-y-beltran\/","title":{"rendered":"Piden informes sobre cumplimiento de las leyes de EPOF y Beltr\u00e1n"},"content":{"rendered":"\n<p><strong>La solicitud surge de la reuni\u00f3n de familiares de quienes padecen \u201cEnfermedades Pocos Frecuentes\u201d -EPOF-&nbsp; con diputados de distintas bancadas parlamentarias.&nbsp;<\/strong><\/p>\n\n\n\n<p>La C\u00e1mara de Diputados en su sesi\u00f3n 2, presidida por Pedro Cassani, aprob\u00f3 por unanimidad la resoluci\u00f3n por la cual se solicita al Ministerio de Salud P\u00fablica informes sobre la implementaci\u00f3n de dos leyes importantes: la 6114 de Registro Provincial de Enfermedades Raras o Poco Frecuentes y la 6698 \u201cLey Beltr\u00e1n\u201d.<\/p>\n\n\n\n<p>La iniciativa, surgida de la reuni\u00f3n de familiares de pacientes con EPOF con diputados, solicita informe detallado respecto a los siguientes puntos:<\/p>\n\n\n\n<p>a)&nbsp;&nbsp;&nbsp;&nbsp;si actualmente se encuentra en funcionamiento el Registro Provincial de Enfermedades Raras creado por ley 6114, y en su caso, bajo la \u00f3rbita de qu\u00e9 organismo gubernamental funciona el mismo;<\/p>\n\n\n\n<p>b)&nbsp;&nbsp;&nbsp;&nbsp;qu\u00e9 tipo de estad\u00edsticas lleva adelante el Registro Provincial de Enfermedades Raras;<\/p>\n\n\n\n<p>c)&nbsp;&nbsp;&nbsp;&nbsp;&nbsp;cu\u00e1les son las derivaciones que se realizan en base a los datos proporcionados por el Registro Provincial de Enfermedades Raras;<\/p>\n\n\n\n<p>d)&nbsp;&nbsp;&nbsp;&nbsp;qu\u00e9 tipo de asistencia brinda el Ministerio de Salud P\u00fablica tanto al paciente con sospecha de diagn\u00f3stico o con diagn\u00f3stico confirmado de enfermedad poco frecuente (EPOF) o enfermedad rara (ER), como a la familia del mismo;<\/p>\n\n\n\n<p>e)&nbsp;&nbsp;&nbsp;&nbsp;si la provincia cuenta con un programa de capacitaci\u00f3n destinado a los profesionales m\u00e9dicos sobre las enfermedades raras;<\/p>\n\n\n\n<p>f)&nbsp;&nbsp;&nbsp;&nbsp;&nbsp;si la provincia cuenta con un centro especializado en diagn\u00f3stico de enfermedades raras;<\/p>\n\n\n\n<p>g)&nbsp;&nbsp;&nbsp;&nbsp;si la provincia cuenta con un servicio de gen\u00e9tica con capacidad para detectar las enfermedades raras;<\/p>\n\n\n\n<p>h)&nbsp;&nbsp;&nbsp;&nbsp;si se realiza un abordaje interdisciplinario de los pacientes con sospecha de diagn\u00f3stico o con diagn\u00f3stico confirmado de enfermedad poco frecuente (EPOF) o enfermedad rara (ER);<\/p>\n\n\n\n<p>i)&nbsp;&nbsp;&nbsp;&nbsp;&nbsp;&nbsp;si existen m\u00e9dicos especializados en cuidados paliativos para pacientes terminales con diagn\u00f3stico de enfermedad poco frecuente (EPOF) o enfermedad rara (ER);<\/p>\n\n\n\n<p>j)&nbsp;&nbsp;&nbsp;&nbsp;&nbsp;&nbsp;si se cumple con la realizaci\u00f3n de la pesquisa neonatal en toda la provincia para la detecci\u00f3n de la adrenoleucodistrofia, seg\u00fan lo establecido por ley 6698 -Ley Beltr\u00e1n-.<\/p>\n\n\n\n<p>Cabe recordar que est\u00e1 pendiente un segundo encuentro general sobre esta tem\u00e1tica, para la cual se invitar\u00e1 a todos los interesados y \u00e1reas gubernativas involucradas.<\/p>\n\n\n\n<p>Por otra parte, en la sesi\u00f3n se aprobaron una serie de Declaraciones de Inter\u00e9s a distintos eventos y acontecimientos, quedando en comisi\u00f3n para mayor an\u00e1lisis, el proyecto de ley que crea el municipio \u201cSan Cayetano\u201d (tema a tratar en el orden del d\u00eda).<\/p>\n\n\n\n<figure class=\"wp-block-image size-large\"><img loading=\"lazy\" decoding=\"async\" width=\"819\" height=\"1024\" src=\"https:\/\/corrientesdetarde.com\/wp-content\/uploads\/2025\/03\/RESOLUCION--819x1024.jpg\" alt=\"\" class=\"wp-image-197506\" srcset=\"https:\/\/corrientesdetarde.com\/wp-content\/uploads\/2025\/03\/RESOLUCION--819x1024.jpg 819w, https:\/\/corrientesdetarde.com\/wp-content\/uploads\/2025\/03\/RESOLUCION--240x300.jpg 240w, https:\/\/corrientesdetarde.com\/wp-content\/uploads\/2025\/03\/RESOLUCION--768x960.jpg 768w, https:\/\/corrientesdetarde.com\/wp-content\/uploads\/2025\/03\/RESOLUCION--1229x1536.jpg 1229w, https:\/\/corrientesdetarde.com\/wp-content\/uploads\/2025\/03\/RESOLUCION--1638x2048.jpg 1638w, https:\/\/corrientesdetarde.com\/wp-content\/uploads\/2025\/03\/RESOLUCION--scaled.jpg 2048w\" sizes=\"auto, (max-width: 819px) 100vw, 819px\" \/><\/figure>\n\n\n\n<figure class=\"wp-block-image size-large\"><img loading=\"lazy\" decoding=\"async\" width=\"1024\" height=\"682\" src=\"https:\/\/corrientesdetarde.com\/wp-content\/uploads\/2025\/03\/sesion-2-C-1024x682.jpg\" alt=\"\" class=\"wp-image-197504\" srcset=\"https:\/\/corrientesdetarde.com\/wp-content\/uploads\/2025\/03\/sesion-2-C-1024x682.jpg 1024w, https:\/\/corrientesdetarde.com\/wp-content\/uploads\/2025\/03\/sesion-2-C-300x200.jpg 300w, https:\/\/corrientesdetarde.com\/wp-content\/uploads\/2025\/03\/sesion-2-C-768x512.jpg 768w, https:\/\/corrientesdetarde.com\/wp-content\/uploads\/2025\/03\/sesion-2-C.jpg 1280w\" sizes=\"auto, (max-width: 1024px) 100vw, 1024px\" \/><\/figure>\n\n\n\n<figure class=\"wp-block-image size-large\"><img loading=\"lazy\" decoding=\"async\" width=\"1024\" height=\"682\" src=\"https:\/\/corrientesdetarde.com\/wp-content\/uploads\/2025\/03\/foto-sesion-2-1024x682.jpg\" alt=\"\" class=\"wp-image-197505\" srcset=\"https:\/\/corrientesdetarde.com\/wp-content\/uploads\/2025\/03\/foto-sesion-2-1024x682.jpg 1024w, https:\/\/corrientesdetarde.com\/wp-content\/uploads\/2025\/03\/foto-sesion-2-300x200.jpg 300w, https:\/\/corrientesdetarde.com\/wp-content\/uploads\/2025\/03\/foto-sesion-2-768x512.jpg 768w, https:\/\/corrientesdetarde.com\/wp-content\/uploads\/2025\/03\/foto-sesion-2.jpg 1280w\" sizes=\"auto, (max-width: 1024px) 100vw, 1024px\" \/><\/figure>\n","protected":false},"excerpt":{"rendered":"<p>La solicitud surge de la reuni\u00f3n de familiares de quienes padecen \u201cEnfermedades Pocos Frecuentes\u201d -EPOF-&nbsp; con diputados de distintas bancadas parlamentarias.&nbsp; La C\u00e1mara de Diputados en su sesi\u00f3n 2, presidida&hellip; <\/p>\n","protected":false},"author":8,"featured_media":197502,"comment_status":"closed","ping_status":"open","sticky":false,"template":"","format":"standard","meta":{"footnotes":""},"categories":[3],"tags":[],"class_list":["post-197501","post","type-post","status-publish","format-standard","has-post-thumbnail","hentry","category-politica"],"_links":{"self":[{"href":"https:\/\/corrientesdetarde.com\/index.php\/wp-json\/wp\/v2\/posts\/197501","targetHints":{"allow":["GET"]}}],"collection":[{"href":"https:\/\/corrientesdetarde.com\/index.php\/wp-json\/wp\/v2\/posts"}],"about":[{"href":"https:\/\/corrientesdetarde.com\/index.php\/wp-json\/wp\/v2\/types\/post"}],"author":[{"embeddable":true,"href":"https:\/\/corrientesdetarde.com\/index.php\/wp-json\/wp\/v2\/users\/8"}],"replies":[{"embeddable":true,"href":"https:\/\/corrientesdetarde.com\/index.php\/wp-json\/wp\/v2\/comments?post=197501"}],"version-history":[{"count":1,"href":"https:\/\/corrientesdetarde.com\/index.php\/wp-json\/wp\/v2\/posts\/197501\/revisions"}],"predecessor-version":[{"id":197507,"href":"https:\/\/corrientesdetarde.com\/index.php\/wp-json\/wp\/v2\/posts\/197501\/revisions\/197507"}],"wp:featuredmedia":[{"embeddable":true,"href":"https:\/\/corrientesdetarde.com\/index.php\/wp-json\/wp\/v2\/media\/197502"}],"wp:attachment":[{"href":"https:\/\/corrientesdetarde.com\/index.php\/wp-json\/wp\/v2\/media?parent=197501"}],"wp:term":[{"taxonomy":"category","embeddable":true,"href":"https:\/\/corrientesdetarde.com\/index.php\/wp-json\/wp\/v2\/categories?post=197501"},{"taxonomy":"post_tag","embeddable":true,"href":"https:\/\/corrientesdetarde.com\/index.php\/wp-json\/wp\/v2\/tags?post=197501"}],"curies":[{"name":"wp","href":"https:\/\/api.w.org\/{rel}","templated":true}]}}