{"id":197576,"date":"2025-03-19T17:37:51","date_gmt":"2025-03-19T20:37:51","guid":{"rendered":"https:\/\/corrientesdetarde.com\/?p=197576"},"modified":"2025-03-19T17:37:55","modified_gmt":"2025-03-19T20:37:55","slug":"la-municipalidad-realizo-la-primera-campana-de-donacion-de-sangre-del-ano-2","status":"publish","type":"post","link":"https:\/\/corrientesdetarde.com\/index.php\/sociales\/la-municipalidad-realizo-la-primera-campana-de-donacion-de-sangre-del-ano-2\/","title":{"rendered":"La Municipalidad realiz\u00f3 la primera campa\u00f1a de donaci\u00f3n de sangre del a\u00f1o"},"content":{"rendered":"\n<p><em>Como parte de un fuerte compromiso solidario para salvar vidas, la Municipalidad de Corrientes se sum\u00f3 una vez m\u00e1s al trabajo del Banco de Sangre Central y la Fundaci\u00f3n del Banco de Sangre de Corrientes. La colecta tuvo lugar en la Sociedad Espa\u00f1ola con la participaci\u00f3n de trabajadores municipales y la comunidad en general.\u00a0<\/em><\/p>\n\n\n\n<p>En un esfuerzo conjunto para promover la donaci\u00f3n voluntaria de sangre, la Municipalidad de Corrientes, el Banco de Sangre Central y la Fundaci\u00f3n del Banco de Sangre de Corrientes (BANSACOR) llevaron adelante en la Sociedad Espa\u00f1ola, la primera campa\u00f1a del a\u00f1o, reafirmando la importancia de este acto solidario que puede salvar hasta seis vidas.<\/p>\n\n\n\n<p>Presente en el lugar y donante habitual, el secretario de Coordinaci\u00f3n de Gobierno municipal, Hugo Calvano, resalt\u00f3 el valor de la campa\u00f1a y su impacto en la comunidad: &#8220;Esta campa\u00f1a de donaci\u00f3n de sangre permanente que llevamos adelante desde la Municipalidad junto con el Banco de Sangre y la Fundaci\u00f3n BANSACOR es el resultado de un trabajo institucional que se sostiene desde hace a\u00f1os. Sabemos que donar sangre permite salvar vidas y que, adem\u00e1s, es un proceso beneficioso para la salud del donante, ya que oxigena y renueva la sangre&#8221;.<\/p>\n\n\n\n<p>Calvano tambi\u00e9n desmitific\u00f3 algunos conceptos err\u00f3neos: &#8220;Hoy sabemos que no hace falta estar en ayunas para donar. Solo se requiere ser mayor de 16 a\u00f1os, pesar m\u00e1s de 50 kg y haber descansado bien. Adem\u00e1s, Corrientes es una de las provincias l\u00edderes en este tipo de campa\u00f1as, gracias a la solidaridad de su gente&#8221;.<\/p>\n\n\n\n<p>El funcionario resalt\u00f3 otro aspecto fundamental de la donaci\u00f3n: &#8220;Quienes donan sangre tambi\u00e9n pueden inscribirse como donantes de m\u00e9dula \u00f3sea, lo que permite ayudar a personas en cualquier parte del mundo. El a\u00f1o pasado, una donante correntina salv\u00f3 la vida de una joven en Espa\u00f1a&#8221;.<\/p>\n\n\n\n<p>Finalmente, Calvano destac\u00f3 la buena recepci\u00f3n de la campa\u00f1a entre los trabajadores municipales y la comunidad en general: &#8220;Cada tres meses realizamos esta actividad, y hay trabajadores que ya lo hacen de manera habitual. Adem\u00e1s, garantizamos un espacio c\u00f3modo y una colaci\u00f3n para quienes participan, asegurando que la experiencia sea accesible y segura&#8221;.<\/p>\n\n\n\n<p>Por su parte, Mar\u00eda Cruz Silvero, subsecretaria de Modernizaci\u00f3n, destac\u00f3 la continuidad de estas iniciativas que se vienen desarrollando desde 2023, cada tres meses, permitiendo que m\u00e1s personas puedan sumarse a esta causa.&nbsp;<\/p>\n\n\n\n<p>\u201cNosotros invitamos a agentes municipales, a personas de distintas instituciones y a vecinos a acercarse a donar. Como nos dice siempre el doctor, una sola donaci\u00f3n puede salvar hasta seis vidas\u201d, destac\u00f3.<\/p>\n\n\n\n<p>En el marco del Mes de la Mujer, la campa\u00f1a de donaci\u00f3n de sangre se sum\u00f3 a una serie de actividades organizadas por la Municipalidad. \u201cEstamos transitando marzo con una agenda cargada. Iniciamos con la caminata de Voces Vitales y este fin de semana tendremos la marat\u00f3n en Santa Catalina. Tambi\u00e9n seguimos presentes en los operativos \u2018La Muni en tu barrio\u2019, brindando asesoramiento y servicios a la comunidad\u201d, se\u00f1al\u00f3 Silvero.<\/p>\n\n\n\n<p>COMPROMISO CON LA SOLIDARIDAD<\/p>\n\n\n\n<p>La funcionaria tambi\u00e9n resalt\u00f3 el impacto positivo de estas jornadas para fortalecer lazos entre instituciones: \u201cEste v\u00ednculo nos permite concientizar sobre la importancia de la donaci\u00f3n de sangre y reforzar la colaboraci\u00f3n entre la Municipalidad y el Banco de Sangre\u201d. Asimismo, adelant\u00f3 que la pr\u00f3xima campa\u00f1a se realizar\u00e1 en junio o julio, con una tercera jornada programada para diciembre.<\/p>\n\n\n\n<p>En tanto, Bertinaldo \u00c1valos, t\u00e9cnico en hemoterapia y coordinador del Departamento de Hemodonaci\u00f3n del Banco de Sangre Central, explic\u00f3 el objetivo de estas colectas externas: \u201cSon espacios alternativos al Banco de Sangre, donde las personas pueden donar de manera habitual y voluntaria, sin necesidad de que est\u00e9 vinculado a un paciente espec\u00edfico. Estas campa\u00f1as permiten sostener el stock y avanzar hacia un modelo de donaci\u00f3n solidaria y regular\u201d.<\/p>\n\n\n\n<p>\u00c1valos subray\u00f3 la necesidad de generar conciencia en la poblaci\u00f3n ya que la principal causa por la que la gente no dona sangre es la falta de informaci\u00f3n. \u201cSi logramos que el 3% de la poblaci\u00f3n done una vez al a\u00f1o, cubrimos todas las demandas transfusionales. Cada unidad de sangre donada se procesa en cuatro componentes distintos, beneficiando a pacientes que lo necesitan\u201d, explic\u00f3.<\/p>\n\n\n\n<p>Las autoridades reiteraron la invitaci\u00f3n a la comunidad a informarse y sumarse a esta causa, recordando que el Banco de Sangre recibe donaciones de manera permanente. \u201cDonar sangre no duele, no tarda nada y puede hacer la diferencia para salvar vidas\u201d, concluy\u00f3 Silvero.<\/p>\n\n\n\n<p><a href=\"https:\/\/ciudaddecorrientes.us12.list-manage.com\/track\/click?u=253e4bcff71216c6af771c3c9&amp;id=2672410e5f&amp;e=17643edfa8\" target=\"_blank\" rel=\"noreferrer noopener\">NOTA TV.&nbsp;<\/a><br>Hugo Calvano, secretario de Coordinaci\u00f3n de Gobierno municipal;&nbsp;Mar\u00eda Cruz Silvero, subsecretaria de Modernizaci\u00f3n;&nbsp;Bertinaldo \u00c1valos, t\u00e9cnico en hemoterapia y coordinador del Departamento de Hemodonaci\u00f3n del Banco de Sangre Central<\/p>\n\n\n\n<figure class=\"wp-block-image size-large\"><img loading=\"lazy\" decoding=\"async\" width=\"1024\" height=\"768\" src=\"https:\/\/corrientesdetarde.com\/wp-content\/uploads\/2025\/03\/image-800-1024x768.png\" alt=\"\" class=\"wp-image-197577\" srcset=\"https:\/\/corrientesdetarde.com\/wp-content\/uploads\/2025\/03\/image-800-1024x768.png 1024w, https:\/\/corrientesdetarde.com\/wp-content\/uploads\/2025\/03\/image-800-300x225.png 300w, https:\/\/corrientesdetarde.com\/wp-content\/uploads\/2025\/03\/image-800-768x576.png 768w, https:\/\/corrientesdetarde.com\/wp-content\/uploads\/2025\/03\/image-800.png 1280w\" sizes=\"auto, (max-width: 1024px) 100vw, 1024px\" \/><\/figure>\n\n\n\n<figure class=\"wp-block-image size-large\"><img loading=\"lazy\" decoding=\"async\" width=\"1024\" height=\"682\" src=\"https:\/\/corrientesdetarde.com\/wp-content\/uploads\/2025\/03\/image-801-1024x682.png\" alt=\"\" class=\"wp-image-197578\" srcset=\"https:\/\/corrientesdetarde.com\/wp-content\/uploads\/2025\/03\/image-801-1024x682.png 1024w, https:\/\/corrientesdetarde.com\/wp-content\/uploads\/2025\/03\/image-801-300x200.png 300w, https:\/\/corrientesdetarde.com\/wp-content\/uploads\/2025\/03\/image-801-768x512.png 768w, https:\/\/corrientesdetarde.com\/wp-content\/uploads\/2025\/03\/image-801.png 1280w\" sizes=\"auto, (max-width: 1024px) 100vw, 1024px\" \/><\/figure>\n\n\n\n<figure class=\"wp-block-image size-large\"><img loading=\"lazy\" decoding=\"async\" width=\"768\" height=\"1024\" src=\"https:\/\/corrientesdetarde.com\/wp-content\/uploads\/2025\/03\/image-802-768x1024.png\" alt=\"\" class=\"wp-image-197579\" srcset=\"https:\/\/corrientesdetarde.com\/wp-content\/uploads\/2025\/03\/image-802-768x1024.png 768w, https:\/\/corrientesdetarde.com\/wp-content\/uploads\/2025\/03\/image-802-225x300.png 225w, https:\/\/corrientesdetarde.com\/wp-content\/uploads\/2025\/03\/image-802.png 960w\" sizes=\"auto, (max-width: 768px) 100vw, 768px\" \/><\/figure>\n\n\n\n<figure class=\"wp-block-image size-large\"><img loading=\"lazy\" decoding=\"async\" width=\"768\" height=\"1024\" src=\"https:\/\/corrientesdetarde.com\/wp-content\/uploads\/2025\/03\/image-803-768x1024.png\" alt=\"\" class=\"wp-image-197580\" srcset=\"https:\/\/corrientesdetarde.com\/wp-content\/uploads\/2025\/03\/image-803-768x1024.png 768w, https:\/\/corrientesdetarde.com\/wp-content\/uploads\/2025\/03\/image-803-225x300.png 225w, https:\/\/corrientesdetarde.com\/wp-content\/uploads\/2025\/03\/image-803.png 960w\" sizes=\"auto, (max-width: 768px) 100vw, 768px\" \/><\/figure>\n","protected":false},"excerpt":{"rendered":"<p>Como parte de un fuerte compromiso solidario para salvar vidas, la Municipalidad de Corrientes se sum\u00f3 una vez m\u00e1s al trabajo del Banco de Sangre Central y la Fundaci\u00f3n del&hellip; <\/p>\n","protected":false},"author":8,"featured_media":197579,"comment_status":"closed","ping_status":"open","sticky":false,"template":"","format":"standard","meta":{"footnotes":""},"categories":[17],"tags":[],"class_list":["post-197576","post","type-post","status-publish","format-standard","has-post-thumbnail","hentry","category-sociales"],"_links":{"self":[{"href":"https:\/\/corrientesdetarde.com\/index.php\/wp-json\/wp\/v2\/posts\/197576","targetHints":{"allow":["GET"]}}],"collection":[{"href":"https:\/\/corrientesdetarde.com\/index.php\/wp-json\/wp\/v2\/posts"}],"about":[{"href":"https:\/\/corrientesdetarde.com\/index.php\/wp-json\/wp\/v2\/types\/post"}],"author":[{"embeddable":true,"href":"https:\/\/corrientesdetarde.com\/index.php\/wp-json\/wp\/v2\/users\/8"}],"replies":[{"embeddable":true,"href":"https:\/\/corrientesdetarde.com\/index.php\/wp-json\/wp\/v2\/comments?post=197576"}],"version-history":[{"count":1,"href":"https:\/\/corrientesdetarde.com\/index.php\/wp-json\/wp\/v2\/posts\/197576\/revisions"}],"predecessor-version":[{"id":197581,"href":"https:\/\/corrientesdetarde.com\/index.php\/wp-json\/wp\/v2\/posts\/197576\/revisions\/197581"}],"wp:featuredmedia":[{"embeddable":true,"href":"https:\/\/corrientesdetarde.com\/index.php\/wp-json\/wp\/v2\/media\/197579"}],"wp:attachment":[{"href":"https:\/\/corrientesdetarde.com\/index.php\/wp-json\/wp\/v2\/media?parent=197576"}],"wp:term":[{"taxonomy":"category","embeddable":true,"href":"https:\/\/corrientesdetarde.com\/index.php\/wp-json\/wp\/v2\/categories?post=197576"},{"taxonomy":"post_tag","embeddable":true,"href":"https:\/\/corrientesdetarde.com\/index.php\/wp-json\/wp\/v2\/tags?post=197576"}],"curies":[{"name":"wp","href":"https:\/\/api.w.org\/{rel}","templated":true}]}}