{"id":198036,"date":"2025-03-21T19:16:38","date_gmt":"2025-03-21T22:16:38","guid":{"rendered":"https:\/\/corrientesdetarde.com\/?p=198036"},"modified":"2025-03-21T19:16:41","modified_gmt":"2025-03-21T22:16:41","slug":"el-gobierno-se-dirime-entre-el-paro-de-la-cgt-y-elegir-candidato-para-la-caba","status":"publish","type":"post","link":"https:\/\/corrientesdetarde.com\/index.php\/politica\/el-gobierno-se-dirime-entre-el-paro-de-la-cgt-y-elegir-candidato-para-la-caba\/","title":{"rendered":"El Gobierno se dirime entre el paro de la CGT y elegir candidato para la CABA"},"content":{"rendered":"\n<p>(Juan Pablo Peralta, Casa de Gobierno) &#8211; Este 9 de abril se sumar\u00e1 la CGT, que retoma su impronta combativa, convocando su tercer paro general, esta vez confirmado para el 10 del mes que viene. <\/p>\n\n\n\n<figure class=\"wp-block-embed is-type-video is-provider-youtube wp-block-embed-youtube wp-embed-aspect-16-9 wp-has-aspect-ratio\"><div class=\"wp-block-embed__wrapper\">\n<iframe loading=\"lazy\" title=\"&quot;El Gobierno se dirime entre el paro de la CGT y elegir candidato para la CABA&quot;\" width=\"1110\" height=\"624\" src=\"https:\/\/www.youtube.com\/embed\/qhDo9dt-N0s?feature=oembed\" frameborder=\"0\" allow=\"accelerometer; autoplay; clipboard-write; encrypted-media; gyroscope; picture-in-picture; web-share\" referrerpolicy=\"strict-origin-when-cross-origin\" allowfullscreen><\/iframe>\n<\/div><\/figure>\n\n\n\n<p>La consigna es mostrarse en contra a las pol\u00edticas libertarias, y en particular, por ponerle techo a las paritarias, seg\u00fan surge desde Azopardo 802. En la sede del Poder Ejecutivo Nacional, el funcionario dijo que \u201ceste es el Gobierno que m\u00e1s r\u00e1pido sufri\u00f3 un paro nacional\u201d y \u201cac\u00e1 no hay nada que amerite un paro. Cuando del desastre heredado se han corregido -y se est\u00e1n corrigiendo- temas que fueron, incluso, un reclamo permanente de la sociedad, y por supuesto, de los trabajadores, que es el tema de la inflaci\u00f3n\u201d, destac\u00f3.<\/p>\n\n\n\n<p>El vocero a\u00f1adi\u00f3 que los gremialistas \u201celigen marchar porque entienden que es la forma de defender al trabajador. Es cierto que a pocos trabajadores son los que representan, a ciencia cierta, porque el trabajador lo que quiere es trabajar, y el trabajador ha hecho una lectura de que en los \u00faltimos 40 a\u00f1os los sindicatos -tomo los mismos 40 a\u00f1os para tomar el per\u00edodo democr\u00e1tico- lo \u00fanico que han hecho los sindicatos es lograr que aumente la informalidad laboral a niveles r\u00e9cord; que el salario del trabajador se destruya y -cuando han tenido que salir a defenderlos- cuando la inflaci\u00f3n era de 1.000% en un per\u00edodo presidencial, como fue el de Alberto Fern\u00e1ndez, o cuando incluso el propio Alberto Fern\u00e1ndez llev\u00f3 el d\u00f3lar de 60 pesos, cuando asumi\u00f3, a 1.200 cuando se fue; bueno, est\u00e1 claro, que durmieron tanto tiempo, que es incre\u00edble como de repente despertaron\u201d, se quej\u00f3.<\/p>\n\n\n\n<p>Y volviendo a la decisi\u00f3n que vot\u00f3 el consejo directivo de la central obrera, el representante del PEN expres\u00f3: \u201cNosotros no podemos hacer m\u00e1s nada. Efectivamente, si ellos quieren hacer el paro, como es un paro que connota cuestiones de inter\u00e9s estrictamente personal de ellos est\u00e1 claro que lo quieren hacer para da\u00f1ar al Gobierno. De todas maneras, no van a lograr absolutamente nada\u201d, advirti\u00f3.<\/p>\n","protected":false},"excerpt":{"rendered":"<p>(Juan Pablo Peralta, Casa de Gobierno) &#8211; Este 9 de abril se sumar\u00e1 la CGT, que retoma su impronta combativa, convocando su tercer paro general, esta vez confirmado para el&hellip; <\/p>\n","protected":false},"author":11,"featured_media":116899,"comment_status":"closed","ping_status":"open","sticky":false,"template":"","format":"standard","meta":{"footnotes":""},"categories":[3],"tags":[],"class_list":["post-198036","post","type-post","status-publish","format-standard","has-post-thumbnail","hentry","category-politica"],"_links":{"self":[{"href":"https:\/\/corrientesdetarde.com\/index.php\/wp-json\/wp\/v2\/posts\/198036","targetHints":{"allow":["GET"]}}],"collection":[{"href":"https:\/\/corrientesdetarde.com\/index.php\/wp-json\/wp\/v2\/posts"}],"about":[{"href":"https:\/\/corrientesdetarde.com\/index.php\/wp-json\/wp\/v2\/types\/post"}],"author":[{"embeddable":true,"href":"https:\/\/corrientesdetarde.com\/index.php\/wp-json\/wp\/v2\/users\/11"}],"replies":[{"embeddable":true,"href":"https:\/\/corrientesdetarde.com\/index.php\/wp-json\/wp\/v2\/comments?post=198036"}],"version-history":[{"count":1,"href":"https:\/\/corrientesdetarde.com\/index.php\/wp-json\/wp\/v2\/posts\/198036\/revisions"}],"predecessor-version":[{"id":198037,"href":"https:\/\/corrientesdetarde.com\/index.php\/wp-json\/wp\/v2\/posts\/198036\/revisions\/198037"}],"wp:featuredmedia":[{"embeddable":true,"href":"https:\/\/corrientesdetarde.com\/index.php\/wp-json\/wp\/v2\/media\/116899"}],"wp:attachment":[{"href":"https:\/\/corrientesdetarde.com\/index.php\/wp-json\/wp\/v2\/media?parent=198036"}],"wp:term":[{"taxonomy":"category","embeddable":true,"href":"https:\/\/corrientesdetarde.com\/index.php\/wp-json\/wp\/v2\/categories?post=198036"},{"taxonomy":"post_tag","embeddable":true,"href":"https:\/\/corrientesdetarde.com\/index.php\/wp-json\/wp\/v2\/tags?post=198036"}],"curies":[{"name":"wp","href":"https:\/\/api.w.org\/{rel}","templated":true}]}}