{"id":198038,"date":"2025-03-21T19:21:40","date_gmt":"2025-03-21T22:21:40","guid":{"rendered":"https:\/\/corrientesdetarde.com\/?p=198038"},"modified":"2025-03-21T19:21:44","modified_gmt":"2025-03-21T22:21:44","slug":"milei-vs-clarin-el-gobierno-frena-la-compra-de-telefonica-y-recrudece-la-pelea-con-el-grupo","status":"publish","type":"post","link":"https:\/\/corrientesdetarde.com\/index.php\/informacion-general\/milei-vs-clarin-el-gobierno-frena-la-compra-de-telefonica-y-recrudece-la-pelea-con-el-grupo\/","title":{"rendered":"MILEI VS. CLAR\u00cdN: EL GOBIERNO FRENA LA COMPRA DE TELEF\u00d3NICA Y RECRUDECE LA PELEA CON EL GRUPO"},"content":{"rendered":"\n<p>(Corresponsal\u00eda Buenos Aires) &#8211; La disputa entre el presidente Javier Milei y el Grupo Clar\u00edn vuelve a escalar. En una decisi\u00f3n que sacude el tablero del mercado de telecomunicaciones, el Gobierno nacional suspendi\u00f3 &#8220;preventivamente&#8221; la compra de Telef\u00f3nica por parte de Telecom, empresa controlada por el multimedio.<\/p>\n\n\n\n<p>El freno llega en un contexto de tensi\u00f3n creciente entre ambas partes, luego de que Clar\u00edn intensificara sus cr\u00edticas a la gesti\u00f3n libertaria y expusiera el esc\u00e1ndalo del &#8220;cripto gate&#8221;, que involucr\u00f3 a funcionarios del Ejecutivo en maniobras con criptoactivos. A su vez, la Casa Rosada endureci\u00f3 su postura con los grandes grupos de comunicaci\u00f3n, buscando mayor control en el sector.<\/p>\n\n\n\n<h3 class=\"wp-block-heading\">UNA OPERACI\u00d3N BAJO LA LUPA<\/h3>\n\n\n\n<p>A fines de febrero, Telecom anunci\u00f3 la adquisici\u00f3n de la filial argentina de Telef\u00f3nica por U$S 1.245 millones, lo que gener\u00f3 fuerte revuelo en el sector. Desde un principio, la Casa Rosada mir\u00f3 con desconfianza la transacci\u00f3n, y la salida de Alexis Pirchio de la Comisi\u00f3n Nacional de Defensa de la Competencia (CNDC) reflej\u00f3 las diferencias dentro del oficialismo respecto al tema.<\/p>\n\n\n\n<p>Ahora, la Secretar\u00eda de Industria y Comercio del Ministerio de Econom\u00eda resolvi\u00f3 suspender el proceso, alegando que la fusi\u00f3n podr\u00eda generar un &#8220;alto grado de concentraci\u00f3n de mercado&#8221;. El informe de la CNDC advierte que la operaci\u00f3n llevar\u00eda a Telecom a dominar el 61% de la telefon\u00eda m\u00f3vil, el 69% de la telefon\u00eda fija y hasta el 80% del servicio de internet residencial en algunas regiones.<\/p>\n\n\n\n<p>&#8220;El Gobierno Nacional ha decidido resguardar la transparencia del mercado hasta tanto se profundice el an\u00e1lisis del caso&#8221;, afirmaron fuentes oficiales.<\/p>\n\n\n\n<h3 class=\"wp-block-heading\">MILEI ENFRENTA A CLAR\u00cdN<\/h3>\n\n\n\n<p>La decisi\u00f3n de suspender la compra de Telef\u00f3nica se inscribe en la creciente disputa entre Milei y el Grupo Clar\u00edn. Si bien al inicio de su mandato hubo cierta tregua, las tensiones resurgieron con fuerza. La cobertura cr\u00edtica del multimedio sobre la econom\u00eda y la pol\u00e9mica del &#8220;cripto gate&#8221; encendieron las alarmas en el oficialismo, que respondi\u00f3 con se\u00f1ales de endurecimiento.<\/p>\n\n\n\n<p>El bloqueo a la operaci\u00f3n de Telecom es un mensaje claro: Milei est\u00e1 dispuesto a enfrentar al mayor conglomerado medi\u00e1tico del pa\u00eds. La pelea, lejos de apaciguarse, entra en una nueva fase de confrontaci\u00f3n abierta.<\/p>\n","protected":false},"excerpt":{"rendered":"<p>(Corresponsal\u00eda Buenos Aires) &#8211; La disputa entre el presidente Javier Milei y el Grupo Clar\u00edn vuelve a escalar. En una decisi\u00f3n que sacude el tablero del mercado de telecomunicaciones, el&hellip; <\/p>\n","protected":false},"author":11,"featured_media":198039,"comment_status":"closed","ping_status":"open","sticky":false,"template":"","format":"standard","meta":{"footnotes":""},"categories":[1],"tags":[],"class_list":["post-198038","post","type-post","status-publish","format-standard","has-post-thumbnail","hentry","category-informacion-general"],"_links":{"self":[{"href":"https:\/\/corrientesdetarde.com\/index.php\/wp-json\/wp\/v2\/posts\/198038","targetHints":{"allow":["GET"]}}],"collection":[{"href":"https:\/\/corrientesdetarde.com\/index.php\/wp-json\/wp\/v2\/posts"}],"about":[{"href":"https:\/\/corrientesdetarde.com\/index.php\/wp-json\/wp\/v2\/types\/post"}],"author":[{"embeddable":true,"href":"https:\/\/corrientesdetarde.com\/index.php\/wp-json\/wp\/v2\/users\/11"}],"replies":[{"embeddable":true,"href":"https:\/\/corrientesdetarde.com\/index.php\/wp-json\/wp\/v2\/comments?post=198038"}],"version-history":[{"count":1,"href":"https:\/\/corrientesdetarde.com\/index.php\/wp-json\/wp\/v2\/posts\/198038\/revisions"}],"predecessor-version":[{"id":198040,"href":"https:\/\/corrientesdetarde.com\/index.php\/wp-json\/wp\/v2\/posts\/198038\/revisions\/198040"}],"wp:featuredmedia":[{"embeddable":true,"href":"https:\/\/corrientesdetarde.com\/index.php\/wp-json\/wp\/v2\/media\/198039"}],"wp:attachment":[{"href":"https:\/\/corrientesdetarde.com\/index.php\/wp-json\/wp\/v2\/media?parent=198038"}],"wp:term":[{"taxonomy":"category","embeddable":true,"href":"https:\/\/corrientesdetarde.com\/index.php\/wp-json\/wp\/v2\/categories?post=198038"},{"taxonomy":"post_tag","embeddable":true,"href":"https:\/\/corrientesdetarde.com\/index.php\/wp-json\/wp\/v2\/tags?post=198038"}],"curies":[{"name":"wp","href":"https:\/\/api.w.org\/{rel}","templated":true}]}}