{"id":198042,"date":"2025-03-21T19:44:54","date_gmt":"2025-03-21T22:44:54","guid":{"rendered":"https:\/\/corrientesdetarde.com\/?p=198042"},"modified":"2025-03-21T19:44:58","modified_gmt":"2025-03-21T22:44:58","slug":"comenzamos-un-cambio-cultural-que-es-irreversibleresalto-tassano-en-el-congreso-de-modernizacion","status":"publish","type":"post","link":"https:\/\/corrientesdetarde.com\/index.php\/cultura\/comenzamos-un-cambio-cultural-que-es-irreversibleresalto-tassano-en-el-congreso-de-modernizacion\/","title":{"rendered":"\u201cComenzamos un cambio cultural que es irreversible\u201d,resalt\u00f3 Tassano en el Congreso de Modernizaci\u00f3n"},"content":{"rendered":"\n<p>Con m\u00e1s de 600 inscriptos se realiz\u00f3 la apertura del evento que congrega a destacados disertantes locales y nacionales. Asisten funcionarios gubernamentales, profesionales, acad\u00e9micos y representantes de empresas e instituciones. El encuentro visibiliza el trabajo realizado y analiza los principales desaf\u00edos -tecnol\u00f3gicos y culturales- de la modernizaci\u00f3n del Estado y la gesti\u00f3n en general.\u00a0<\/p>\n\n\n\n<p>En un Centro de Convenci\u00f3n de la ciudad colmado y con disertaciones destacadas, se analiza y debate este viernes sobre la modernizaci\u00f3n en la gesti\u00f3n p\u00fablica y la transparencia de los gobiernos de cara a la gente, el principal objetivo para beneficiar a la ciudadan\u00eda y actualizar el desempe\u00f1o m\u00e1s \u00e1gil y claro del Estado y la gesti\u00f3n en general.<br>De esta manera, y con m\u00e1s de 600 personas inscriptas, se desarrolla el Congreso de Modernizaci\u00f3n organizado por la Municipalidad de Corrientes, en el que se visibilizar el trabajo realizado y se involucra al sector privado y a la academia como promotores de soluciones innovadoras.<br>En este sentido, vale consignar que la Comuna capitalina tiene a la modernizaci\u00f3n como uno de los ejes de gobierno y en las pr\u00f3ximas mediciones de innovaci\u00f3n, Corrientes integrar\u00e1 el lote de las cinco ciudades que m\u00e1s se transformaron.<\/p>\n\n\n\n<p><\/p>\n\n\n\n<figure class=\"wp-block-image size-large\"><img loading=\"lazy\" decoding=\"async\" width=\"1024\" height=\"685\" src=\"https:\/\/corrientesdetarde.com\/wp-content\/uploads\/2025\/03\/image-902-1024x685.png\" alt=\"\" class=\"wp-image-198048\" srcset=\"https:\/\/corrientesdetarde.com\/wp-content\/uploads\/2025\/03\/image-902-1024x685.png 1024w, https:\/\/corrientesdetarde.com\/wp-content\/uploads\/2025\/03\/image-902-300x201.png 300w, https:\/\/corrientesdetarde.com\/wp-content\/uploads\/2025\/03\/image-902-768x514.png 768w, https:\/\/corrientesdetarde.com\/wp-content\/uploads\/2025\/03\/image-902.png 1250w\" sizes=\"auto, (max-width: 1024px) 100vw, 1024px\" \/><\/figure>\n\n\n\n<p><br><br>APERTURA<br>El acto de apertura del congreso y una conferencia de prensa inicial, estuvieron encabezados por el intendente Eduardo Tassano, acompa\u00f1ado por Andr\u00e9s Ibarra, presidente de la fundaci\u00f3n \u201cPa\u00eds Abierto y Digital\u201d y exministro de Modernizaci\u00f3n en el gobierno de Mauricio Macri.<br>Ambos participaron luego del primer panel con el tema \u201cConexiones que generan impacto\u201d junto con Milagros Balparda, directora del \u00e1rea Conectar (Red de Innovaci\u00f3n Local) y Luis Castiella, CEO de Smart Cities Latam.<br>Adem\u00e1s, se cuenta con la participaci\u00f3n de funcionarios gubernamentales, profesionales, acad\u00e9micos y representantes de empresas e instituciones, creando un espacio de networking para intercambiar ideas, aprender y generar conexiones valiosas.<br>Los ejes centrales de este encuentro -que se desarrollar\u00e1 hasta la tarde- se relacionan con la cercan\u00eda ciudadana, la innovaci\u00f3n en datos y gobernanza, la participaci\u00f3n ciudadana y el liderazgo y visi\u00f3n para municipios locales, entre otros.<br><br>CAMBIO<br>En el inicio de la jornada, el intendente destac\u00f3 la importancia del encuentro porque \u201cnos permite ver lo que se transit\u00f3\u201d en materia de modernizaci\u00f3n del Municipio.<br>Al respecto indic\u00f3 que \u201csi bien fue un camino arduo que fuimos construyendo, estamos firmes con estos avances\u201d.<br>Adem\u00e1s, se mostr\u00f3 satisfecho con el progreso realizado e iniciado ya desde el principio de su gesti\u00f3n, sobre lo cual remarc\u00f3: \u201cComenzamos con un cambio cultural en la Municipalidad que es irreversible&#8221;.<\/p>\n\n\n\n<p><\/p>\n\n\n\n<figure class=\"wp-block-image size-large\"><img loading=\"lazy\" decoding=\"async\" width=\"1024\" height=\"680\" src=\"https:\/\/corrientesdetarde.com\/wp-content\/uploads\/2025\/03\/image-903-1024x680.png\" alt=\"\" class=\"wp-image-198050\" srcset=\"https:\/\/corrientesdetarde.com\/wp-content\/uploads\/2025\/03\/image-903-1024x680.png 1024w, https:\/\/corrientesdetarde.com\/wp-content\/uploads\/2025\/03\/image-903-300x199.png 300w, https:\/\/corrientesdetarde.com\/wp-content\/uploads\/2025\/03\/image-903-768x510.png 768w, https:\/\/corrientesdetarde.com\/wp-content\/uploads\/2025\/03\/image-903.png 1258w\" sizes=\"auto, (max-width: 1024px) 100vw, 1024px\" \/><\/figure>\n\n\n\n<p><br><br>MEJORAS<br>Por su parte, Andr\u00e9s Ibarra sostuvo que para llevar a cabo un proceso de modernizaci\u00f3n \u201chace falta decisi\u00f3n pol\u00edtica y compromiso, como tambi\u00e9n contar con capacitaciones para poder introducir mejoras pensando en los vecinos\u201d.<br>Luego, hizo hincapi\u00e9 en que &#8220;la modernizaci\u00f3n no solo permite a los ciudadanos realizar tr\u00e1mites en l\u00ednea, mejorarle la vida a la gente y ahorra tiempo, sino que tambi\u00e9n posibilita acceder a datos de gobierno de manera m\u00e1s transparente\u201d.<br>Este proceso, entonces, \u201cmejora la percepci\u00f3n de la gesti\u00f3n p\u00fablica\u201d, indic\u00f3 Ibarra.<br><br>SEGUIR CRECIENDO<br>En tanto, Hugo Calvano, secretario de Coordinaci\u00f3n de Gobierno municipal, quien tambi\u00e9n particip\u00f3 de un panel, indic\u00f3 que el congreso en la ciudad \u201ces un gran desaf\u00edo y algo muy importante\u201d y \u201cvamos creando comunidad en la modernizaci\u00f3n del Estado pensando en mejorar la calidad de vida de los vecinos\u201d.<br>En ese sentido, Calvano detall\u00f3 algunos de los tr\u00e1mites online que los vecinos pueden acceder como es el turnero web, la historia cl\u00ednica, la licencia de conducir, entre otros.<br>\u201cContar lo que hacemos y poder inspirar a otros para seguir creciendo es el camino, es lo importante de este encuentro\u201d, sintetiz\u00f3 finalmente el funcionario municipal.<br><br>\u201cMUNI BOT\u201d<br>A su turno, Jonatan Moscoso, referente desarrollador del \u201cMuni Bot\u201d de la Municipalidad de Corrientes indic\u00f3 que su disertaci\u00f3n se centr\u00f3 en \u201cdar a conocer los inicios del chatbot, las etapas de crecimiento que fuimos pasando y c\u00f3mo estamos hoy, en donde desarrollamos prontamente un modelo ya con la inteligencia artificial, que es lo que se viene pronto\u201d.<br>Tambi\u00e9n advirti\u00f3 que en este proceso de modernizaci\u00f3n \u201chay que acompa\u00f1ar culturalmente a la gente, porque es un presente que vino para quedarse, cambiando paradigma de lo estamos acostumbrados. Y el gobierno debe acompa\u00f1ar al ciudadano en este camino\u201d, concluy\u00f3.<\/p>\n","protected":false},"excerpt":{"rendered":"<p>Con m\u00e1s de 600 inscriptos se realiz\u00f3 la apertura del evento que congrega a destacados disertantes locales y nacionales. Asisten funcionarios gubernamentales, profesionales, acad\u00e9micos y representantes de empresas e instituciones.&hellip; <\/p>\n","protected":false},"author":4,"featured_media":198052,"comment_status":"closed","ping_status":"open","sticky":false,"template":"","format":"standard","meta":{"footnotes":""},"categories":[15],"tags":[],"class_list":["post-198042","post","type-post","status-publish","format-standard","has-post-thumbnail","hentry","category-cultura"],"_links":{"self":[{"href":"https:\/\/corrientesdetarde.com\/index.php\/wp-json\/wp\/v2\/posts\/198042","targetHints":{"allow":["GET"]}}],"collection":[{"href":"https:\/\/corrientesdetarde.com\/index.php\/wp-json\/wp\/v2\/posts"}],"about":[{"href":"https:\/\/corrientesdetarde.com\/index.php\/wp-json\/wp\/v2\/types\/post"}],"author":[{"embeddable":true,"href":"https:\/\/corrientesdetarde.com\/index.php\/wp-json\/wp\/v2\/users\/4"}],"replies":[{"embeddable":true,"href":"https:\/\/corrientesdetarde.com\/index.php\/wp-json\/wp\/v2\/comments?post=198042"}],"version-history":[{"count":1,"href":"https:\/\/corrientesdetarde.com\/index.php\/wp-json\/wp\/v2\/posts\/198042\/revisions"}],"predecessor-version":[{"id":198053,"href":"https:\/\/corrientesdetarde.com\/index.php\/wp-json\/wp\/v2\/posts\/198042\/revisions\/198053"}],"wp:featuredmedia":[{"embeddable":true,"href":"https:\/\/corrientesdetarde.com\/index.php\/wp-json\/wp\/v2\/media\/198052"}],"wp:attachment":[{"href":"https:\/\/corrientesdetarde.com\/index.php\/wp-json\/wp\/v2\/media?parent=198042"}],"wp:term":[{"taxonomy":"category","embeddable":true,"href":"https:\/\/corrientesdetarde.com\/index.php\/wp-json\/wp\/v2\/categories?post=198042"},{"taxonomy":"post_tag","embeddable":true,"href":"https:\/\/corrientesdetarde.com\/index.php\/wp-json\/wp\/v2\/tags?post=198042"}],"curies":[{"name":"wp","href":"https:\/\/api.w.org\/{rel}","templated":true}]}}