{"id":198044,"date":"2025-03-21T21:06:40","date_gmt":"2025-03-22T00:06:40","guid":{"rendered":"https:\/\/corrientesdetarde.com\/?p=198044"},"modified":"2025-03-21T21:06:43","modified_gmt":"2025-03-22T00:06:43","slug":"los-cdi-provinciales-inician-su-ciclo-lectivo-2025","status":"publish","type":"post","link":"https:\/\/corrientesdetarde.com\/index.php\/educacion\/los-cdi-provinciales-inician-su-ciclo-lectivo-2025\/","title":{"rendered":"Los CDI provinciales inician su Ciclo Lectivo 2025"},"content":{"rendered":"\n<p>Estas instituciones atienden una poblaci\u00f3n de 45 d\u00edas a 4 a\u00f1os de lunes a viernes, donde reciben contenci\u00f3n, educaci\u00f3n, alimentaci\u00f3n y socializaci\u00f3n.&nbsp;&nbsp;<\/p>\n\n\n\n<p>Los Centros de Desarrollo Infantil (CDI) que dependen del Ministerio de Desarrollo Social de la Provincia, realizar\u00e1n este martes 25 de marzo el Acto de Inicio del Ciclo Lectivo 2025. El mismo tendr\u00e1 lugar a las 9.30 en el CDI &#8220;\u00d1anderoga&#8221; del barrio 17 de Agosto, ubicado en calle Ruveda y Artaza de la ciudad de Corrientes.<\/p>\n\n\n\n<p>De esta manera, m\u00e1s de 3800 ni\u00f1os pertenecientes a los 34 CDI distribuidos en toda la Provincia, dar\u00e1n inicio a las actividades. Cabe recordar que los mismos responden directamente a la Direcci\u00f3n de los Derechos de la Ni\u00f1ez y la Familia de la mencionada cartera social.<\/p>\n\n\n\n<p>Estas instituciones atienden una poblaci\u00f3n de 45 d\u00edas a 4 a\u00f1os de lunes a viernes, donde reciben contenci\u00f3n, educaci\u00f3n, alimentaci\u00f3n y socializaci\u00f3n. En Capital se encuentran ubicados 17 en distintos barrios, y el resto en las localidades del interior.<\/p>\n","protected":false},"excerpt":{"rendered":"<p>Estas instituciones atienden una poblaci\u00f3n de 45 d\u00edas a 4 a\u00f1os de lunes a viernes, donde reciben contenci\u00f3n, educaci\u00f3n, alimentaci\u00f3n y socializaci\u00f3n.&nbsp;&nbsp; Los Centros de Desarrollo Infantil (CDI) que dependen&hellip; <\/p>\n","protected":false},"author":4,"featured_media":198087,"comment_status":"closed","ping_status":"open","sticky":false,"template":"","format":"standard","meta":{"footnotes":""},"categories":[32],"tags":[],"class_list":["post-198044","post","type-post","status-publish","format-standard","has-post-thumbnail","hentry","category-educacion"],"_links":{"self":[{"href":"https:\/\/corrientesdetarde.com\/index.php\/wp-json\/wp\/v2\/posts\/198044","targetHints":{"allow":["GET"]}}],"collection":[{"href":"https:\/\/corrientesdetarde.com\/index.php\/wp-json\/wp\/v2\/posts"}],"about":[{"href":"https:\/\/corrientesdetarde.com\/index.php\/wp-json\/wp\/v2\/types\/post"}],"author":[{"embeddable":true,"href":"https:\/\/corrientesdetarde.com\/index.php\/wp-json\/wp\/v2\/users\/4"}],"replies":[{"embeddable":true,"href":"https:\/\/corrientesdetarde.com\/index.php\/wp-json\/wp\/v2\/comments?post=198044"}],"version-history":[{"count":1,"href":"https:\/\/corrientesdetarde.com\/index.php\/wp-json\/wp\/v2\/posts\/198044\/revisions"}],"predecessor-version":[{"id":198088,"href":"https:\/\/corrientesdetarde.com\/index.php\/wp-json\/wp\/v2\/posts\/198044\/revisions\/198088"}],"wp:featuredmedia":[{"embeddable":true,"href":"https:\/\/corrientesdetarde.com\/index.php\/wp-json\/wp\/v2\/media\/198087"}],"wp:attachment":[{"href":"https:\/\/corrientesdetarde.com\/index.php\/wp-json\/wp\/v2\/media?parent=198044"}],"wp:term":[{"taxonomy":"category","embeddable":true,"href":"https:\/\/corrientesdetarde.com\/index.php\/wp-json\/wp\/v2\/categories?post=198044"},{"taxonomy":"post_tag","embeddable":true,"href":"https:\/\/corrientesdetarde.com\/index.php\/wp-json\/wp\/v2\/tags?post=198044"}],"curies":[{"name":"wp","href":"https:\/\/api.w.org\/{rel}","templated":true}]}}