{"id":198046,"date":"2025-03-21T20:04:08","date_gmt":"2025-03-21T23:04:08","guid":{"rendered":"https:\/\/corrientesdetarde.com\/?p=198046"},"modified":"2025-03-21T20:10:23","modified_gmt":"2025-03-21T23:10:23","slug":"se-inauguro-la-biblioteca-publica-municipal-de-santa-ana","status":"publish","type":"post","link":"https:\/\/corrientesdetarde.com\/index.php\/destacados\/se-inauguro-la-biblioteca-publica-municipal-de-santa-ana\/","title":{"rendered":"Se inaugur\u00f3 la Biblioteca P\u00fablica Municipal de Santa Ana"},"content":{"rendered":"\n<p>Con el tradicional corte de cintas, qued\u00f3 hoy a la ma\u00f1ana formalmente inaugurada la Biblioteca P\u00fablica Municipalidad de la localidad Santa Ana de los Gu\u00e1caras, que funcionar\u00e1 en la Casa de la Cultura. La misma sum\u00f3 cerca de 4 mil libros cedidos en custodia por el Instituto de Cultura de Corrientes. Hubo adem\u00e1s una ronda de lectura en el marco del D\u00eda Mundial de la Poes\u00eda, con la participaci\u00f3n de estudiantes de distintos establecimientos educativos, y surgi\u00f3 la posibilidad de que escritores locales brinden talleres literarios en el lugar.<\/p>\n\n\n\n<figure class=\"wp-block-image size-large\"><img loading=\"lazy\" decoding=\"async\" width=\"1024\" height=\"678\" src=\"https:\/\/corrientesdetarde.com\/wp-content\/uploads\/2025\/03\/image-907-1024x678.png\" alt=\"\" class=\"wp-image-198059\" srcset=\"https:\/\/corrientesdetarde.com\/wp-content\/uploads\/2025\/03\/image-907-1024x678.png 1024w, https:\/\/corrientesdetarde.com\/wp-content\/uploads\/2025\/03\/image-907-300x199.png 300w, https:\/\/corrientesdetarde.com\/wp-content\/uploads\/2025\/03\/image-907-768x509.png 768w, https:\/\/corrientesdetarde.com\/wp-content\/uploads\/2025\/03\/image-907.png 1371w\" sizes=\"auto, (max-width: 1024px) 100vw, 1024px\" \/><\/figure>\n\n\n\n<p>La presidenta del Instituto de Cultura, Beatriz Kunin, y la intendente de Santa Ana, Silvana Almir\u00f3n, encabezaron el acto que cont\u00f3 con la presencia de autoridades municipales, escritores y pobladores de la localidad. Luego de las palabras de ambas funcionarias, se hizo el intercambio de resoluciones, que formalizaron la cesi\u00f3n y se descubri\u00f3 una placa conmemorativa.<\/p>\n\n\n\n<p>En concreto, se trata de cerca de 4 mil libros que incluyen una colecci\u00f3n de Juan Jos\u00e9 Folguer\u00e1 (1553 libros), la biblioteca Franklin R\u00faveda (1436 libros), 68 revistas y 5 anaqueles.<\/p>\n\n\n\n<p>\u201cEl Instituto de Cultura manifiesta por parte de este organismo la voluntad de ceder en custodia los libros integrados en la Colecci\u00f3n \u201cJuan Jos\u00e9 Folguer\u00e1\u201d y en la biblioteca Franklin R\u00faveda\u201d pertenecientes al acervo patrimonial de este Instituto, a la biblioteca municipal con sede en la Casa de Cultura, dependiente de la Municipalidad de Santa Ana de los Gu\u00e1caras\u201d, expresa la Resoluci\u00f3n 0299, del organismo provincial.<\/p>\n\n\n\n<p>ENRIQUECERSE<\/p>\n\n\n\n<p>La presidenta del Instituto de Cultura, Beatriz Kunin, agradeci\u00f3 a la jefe comunal, autoridades municipales y al pueblo de Santa Ana presente en esta importante inauguraci\u00f3n.<\/p>\n\n\n\n<p>Destac\u00f3 que \u201cparte de la pol\u00edtica impulsada por el gobernador Gustavo Vald\u00e9s apunta a la educaci\u00f3n\u201d y, de la misma manera, resalt\u00f3 el papel que juegan las bibliotecas en cada localidad de la provincia, \u201cla biblioteca es un lugar donde nos convertimos en libres pensadores\u201d.<\/p>\n\n\n\n<p>\u201cEsta biblioteca es, en s\u00ed misma muy rica, con un contenido muy variado. Aqu\u00ed hay libros de escritores correntinos, y en much\u00edsimos casos son piezas que quedan muy pocas, de escritores que ya no est\u00e1n presentes f\u00edsicamente pero que estar\u00e1n por siempre con nosotros. Es el caso de poetas reconocidos a nivel nacional e internacional\u201d, resalt\u00f3 la funcionaria.<\/p>\n\n\n\n<p>\u201cEspero que puedan todos disfrutar del contenido de esta biblioteca, este va a ser un lugar que con seguridad visitar\u00e1n los turistas y me gustar\u00eda que los santanaenses vengan a disfrutar tambi\u00e9n, lo usen y les sirva para enriquecerse\u201d, concluy\u00f3.<\/p>\n\n\n\n<figure class=\"wp-block-image size-large\"><img loading=\"lazy\" decoding=\"async\" width=\"1024\" height=\"681\" src=\"https:\/\/corrientesdetarde.com\/wp-content\/uploads\/2025\/03\/image-908-1024x681.png\" alt=\"\" class=\"wp-image-198060\" srcset=\"https:\/\/corrientesdetarde.com\/wp-content\/uploads\/2025\/03\/image-908-1024x681.png 1024w, https:\/\/corrientesdetarde.com\/wp-content\/uploads\/2025\/03\/image-908-300x199.png 300w, https:\/\/corrientesdetarde.com\/wp-content\/uploads\/2025\/03\/image-908-768x511.png 768w, https:\/\/corrientesdetarde.com\/wp-content\/uploads\/2025\/03\/image-908.png 1366w\" sizes=\"auto, (max-width: 1024px) 100vw, 1024px\" \/><\/figure>\n","protected":false},"excerpt":{"rendered":"<p>Con el tradicional corte de cintas, qued\u00f3 hoy a la ma\u00f1ana formalmente inaugurada la Biblioteca P\u00fablica Municipalidad de la localidad Santa Ana de los Gu\u00e1caras, que funcionar\u00e1 en la Casa&hellip; <\/p>\n","protected":false},"author":4,"featured_media":198062,"comment_status":"closed","ping_status":"open","sticky":false,"template":"","format":"standard","meta":{"footnotes":""},"categories":[26],"tags":[],"class_list":["post-198046","post","type-post","status-publish","format-standard","has-post-thumbnail","hentry","category-destacados"],"_links":{"self":[{"href":"https:\/\/corrientesdetarde.com\/index.php\/wp-json\/wp\/v2\/posts\/198046","targetHints":{"allow":["GET"]}}],"collection":[{"href":"https:\/\/corrientesdetarde.com\/index.php\/wp-json\/wp\/v2\/posts"}],"about":[{"href":"https:\/\/corrientesdetarde.com\/index.php\/wp-json\/wp\/v2\/types\/post"}],"author":[{"embeddable":true,"href":"https:\/\/corrientesdetarde.com\/index.php\/wp-json\/wp\/v2\/users\/4"}],"replies":[{"embeddable":true,"href":"https:\/\/corrientesdetarde.com\/index.php\/wp-json\/wp\/v2\/comments?post=198046"}],"version-history":[{"count":1,"href":"https:\/\/corrientesdetarde.com\/index.php\/wp-json\/wp\/v2\/posts\/198046\/revisions"}],"predecessor-version":[{"id":198061,"href":"https:\/\/corrientesdetarde.com\/index.php\/wp-json\/wp\/v2\/posts\/198046\/revisions\/198061"}],"wp:featuredmedia":[{"embeddable":true,"href":"https:\/\/corrientesdetarde.com\/index.php\/wp-json\/wp\/v2\/media\/198062"}],"wp:attachment":[{"href":"https:\/\/corrientesdetarde.com\/index.php\/wp-json\/wp\/v2\/media?parent=198046"}],"wp:term":[{"taxonomy":"category","embeddable":true,"href":"https:\/\/corrientesdetarde.com\/index.php\/wp-json\/wp\/v2\/categories?post=198046"},{"taxonomy":"post_tag","embeddable":true,"href":"https:\/\/corrientesdetarde.com\/index.php\/wp-json\/wp\/v2\/tags?post=198046"}],"curies":[{"name":"wp","href":"https:\/\/api.w.org\/{rel}","templated":true}]}}