{"id":198047,"date":"2025-03-21T19:49:01","date_gmt":"2025-03-21T22:49:01","guid":{"rendered":"https:\/\/corrientesdetarde.com\/?p=198047"},"modified":"2025-03-21T19:49:06","modified_gmt":"2025-03-21T22:49:06","slug":"salud-publica-continua-con-bloqueo-vectorial-y-acciones-preventivas-4","status":"publish","type":"post","link":"https:\/\/corrientesdetarde.com\/index.php\/locales\/salud-publica-continua-con-bloqueo-vectorial-y-acciones-preventivas-4\/","title":{"rendered":"Salud P\u00fablica contin\u00faa con bloqueo vectorial y acciones preventivas"},"content":{"rendered":"\n<p><strong><em>La tarea incluye recorrido de la zona, relevamiento, fumigaci\u00f3n y control larvario. Desde la cartera sanitaria provincial se insiste en la importancia de la eliminaci\u00f3n de los recipientes con agua que puedan servir como criaderos de mosquitos.<\/em><\/strong><\/p>\n\n\n\n<figure class=\"wp-block-image size-full\"><img loading=\"lazy\" decoding=\"async\" width=\"673\" height=\"896\" src=\"https:\/\/corrientesdetarde.com\/wp-content\/uploads\/2025\/03\/image-905.png\" alt=\"\" class=\"wp-image-198055\" srcset=\"https:\/\/corrientesdetarde.com\/wp-content\/uploads\/2025\/03\/image-905.png 673w, https:\/\/corrientesdetarde.com\/wp-content\/uploads\/2025\/03\/image-905-225x300.png 225w\" sizes=\"auto, (max-width: 673px) 100vw, 673px\" \/><\/figure>\n\n\n\n<p>El Ministerio de Salud P\u00fablica, a cargo de Ricardo Cardozo, a trav\u00e9s de la Direcci\u00f3n General de Epidemiolog\u00eda, contin\u00faa con el Plan de Prevenci\u00f3n y Control del Dengue. En el marco de las acciones de vigilancia, se detectaron nuevos casos y hasta el momento la provincia acumula 16 (13 de alta y 3 activos que son de Esquina).<\/p>\n\n\n\n<figure class=\"wp-block-image size-full\"><img loading=\"lazy\" decoding=\"async\" width=\"677\" height=\"906\" src=\"https:\/\/corrientesdetarde.com\/wp-content\/uploads\/2025\/03\/image-904.png\" alt=\"\" class=\"wp-image-198054\" srcset=\"https:\/\/corrientesdetarde.com\/wp-content\/uploads\/2025\/03\/image-904.png 677w, https:\/\/corrientesdetarde.com\/wp-content\/uploads\/2025\/03\/image-904-224x300.png 224w\" sizes=\"auto, (max-width: 677px) 100vw, 677px\" \/><\/figure>\n\n\n\n<p>La directora general de Epidemiolog\u00eda, Angelina Bobadilla, detall\u00f3 que \u201ccomo es habitual ante la sospecha de un caso activamos el bloqueo vectorial, que incluye el recorrido de la zona con tareas de relevamiento, fumigaci\u00f3n, control focal y recomendaciones a la familia para la prevenci\u00f3n de esta patolog\u00eda&#8221;.<\/p>\n\n\n\n<p>El Dengue se transmite por la picadura de mosquitos Aedes aegypti. Es una patolog\u00eda viral febril y aguda. La fiebre puede durar de dos a siete d\u00edas de evoluci\u00f3n y dos o m\u00e1s de las siguientes manifestaciones: cefalea intensa, dolor retro ocular, n\u00e1useas o v\u00f3mitos, mialgias, artralgias, exantemas, entre otras.<\/p>\n\n\n\n<p>Adem\u00e1s de eliminar los criaderos de mosquitos, se recomienda el uso diario y frecuente de repelentes en la piel y en la ropa (preferentemente de mangas largas y pantalones largos); colocar mosquiteros en puertas y ventanas para evitar el ingreso de los mosquitos al domicilio; cambiar el agua de bebederos y floreros con frecuencia; y mantener limpios los desag\u00fces y canaletas para evitar la acumulaci\u00f3n de agua.<\/p>\n\n\n\n<figure class=\"wp-block-image size-large\"><img loading=\"lazy\" decoding=\"async\" width=\"1024\" height=\"759\" src=\"https:\/\/corrientesdetarde.com\/wp-content\/uploads\/2025\/03\/image-906-1024x759.png\" alt=\"\" class=\"wp-image-198056\" srcset=\"https:\/\/corrientesdetarde.com\/wp-content\/uploads\/2025\/03\/image-906-1024x759.png 1024w, https:\/\/corrientesdetarde.com\/wp-content\/uploads\/2025\/03\/image-906-300x222.png 300w, https:\/\/corrientesdetarde.com\/wp-content\/uploads\/2025\/03\/image-906-768x569.png 768w, https:\/\/corrientesdetarde.com\/wp-content\/uploads\/2025\/03\/image-906.png 1206w\" sizes=\"auto, (max-width: 1024px) 100vw, 1024px\" \/><\/figure>\n","protected":false},"excerpt":{"rendered":"<p>La tarea incluye recorrido de la zona, relevamiento, fumigaci\u00f3n y control larvario. Desde la cartera sanitaria provincial se insiste en la importancia de la eliminaci\u00f3n de los recipientes con agua&hellip; <\/p>\n","protected":false},"author":4,"featured_media":198057,"comment_status":"closed","ping_status":"open","sticky":false,"template":"","format":"standard","meta":{"footnotes":""},"categories":[8],"tags":[],"class_list":["post-198047","post","type-post","status-publish","format-standard","has-post-thumbnail","hentry","category-locales"],"_links":{"self":[{"href":"https:\/\/corrientesdetarde.com\/index.php\/wp-json\/wp\/v2\/posts\/198047","targetHints":{"allow":["GET"]}}],"collection":[{"href":"https:\/\/corrientesdetarde.com\/index.php\/wp-json\/wp\/v2\/posts"}],"about":[{"href":"https:\/\/corrientesdetarde.com\/index.php\/wp-json\/wp\/v2\/types\/post"}],"author":[{"embeddable":true,"href":"https:\/\/corrientesdetarde.com\/index.php\/wp-json\/wp\/v2\/users\/4"}],"replies":[{"embeddable":true,"href":"https:\/\/corrientesdetarde.com\/index.php\/wp-json\/wp\/v2\/comments?post=198047"}],"version-history":[{"count":1,"href":"https:\/\/corrientesdetarde.com\/index.php\/wp-json\/wp\/v2\/posts\/198047\/revisions"}],"predecessor-version":[{"id":198058,"href":"https:\/\/corrientesdetarde.com\/index.php\/wp-json\/wp\/v2\/posts\/198047\/revisions\/198058"}],"wp:featuredmedia":[{"embeddable":true,"href":"https:\/\/corrientesdetarde.com\/index.php\/wp-json\/wp\/v2\/media\/198057"}],"wp:attachment":[{"href":"https:\/\/corrientesdetarde.com\/index.php\/wp-json\/wp\/v2\/media?parent=198047"}],"wp:term":[{"taxonomy":"category","embeddable":true,"href":"https:\/\/corrientesdetarde.com\/index.php\/wp-json\/wp\/v2\/categories?post=198047"},{"taxonomy":"post_tag","embeddable":true,"href":"https:\/\/corrientesdetarde.com\/index.php\/wp-json\/wp\/v2\/tags?post=198047"}],"curies":[{"name":"wp","href":"https:\/\/api.w.org\/{rel}","templated":true}]}}