{"id":198063,"date":"2025-03-21T20:14:09","date_gmt":"2025-03-21T23:14:09","guid":{"rendered":"https:\/\/corrientesdetarde.com\/?p=198063"},"modified":"2025-03-21T20:14:12","modified_gmt":"2025-03-21T23:14:12","slug":"manos-pora-entrego-ajuar-para-bebes-en-el-vidal","status":"publish","type":"post","link":"https:\/\/corrientesdetarde.com\/index.php\/sociales\/manos-pora-entrego-ajuar-para-bebes-en-el-vidal\/","title":{"rendered":"&#8220;Manos Por\u00e1&#8221; entreg\u00f3 ajuar para beb\u00e9s en el Vidal"},"content":{"rendered":"\n<p>La Direcci\u00f3n de Seguridad Alimentaria del Ministerio de Desarrollo Social de la Provincia, a trav\u00e9s de un equipo del Programa &#8220;Manos Por\u00e1&#8221;, entreg\u00f3 este viernes ajuares para beb\u00e9s en el Hospital Materno Infantil &#8220;Eloisa Torrent de Vidal&#8221;. De esta maners e distribuyeron escarpines, sabanitas, almohadones, babitas, medias y cojines, que las capacitadoras confeccionaron.<\/p>\n\n\n\n<p>La coordinadora de &#8220;Manos Por\u00e1&#8221;, Nilda Cardozo, expres\u00f3 en ese marco que &#8220;fuimos muy bien recibidas y con alegr\u00eda, porque justo estaban necesitando escarpines y sabanitas para los reci\u00e9n nacidos&#8221;.&nbsp;<\/p>\n\n\n\n<figure class=\"wp-block-image size-full\"><img loading=\"lazy\" decoding=\"async\" width=\"681\" height=\"904\" src=\"https:\/\/corrientesdetarde.com\/wp-content\/uploads\/2025\/03\/image-909.png\" alt=\"\" class=\"wp-image-198064\" srcset=\"https:\/\/corrientesdetarde.com\/wp-content\/uploads\/2025\/03\/image-909.png 681w, https:\/\/corrientesdetarde.com\/wp-content\/uploads\/2025\/03\/image-909-226x300.png 226w\" sizes=\"auto, (max-width: 681px) 100vw, 681px\" \/><\/figure>\n\n\n\n<figure class=\"wp-block-image size-full\"><img loading=\"lazy\" decoding=\"async\" width=\"684\" height=\"905\" src=\"https:\/\/corrientesdetarde.com\/wp-content\/uploads\/2025\/03\/image-910.png\" alt=\"\" class=\"wp-image-198065\" srcset=\"https:\/\/corrientesdetarde.com\/wp-content\/uploads\/2025\/03\/image-910.png 684w, https:\/\/corrientesdetarde.com\/wp-content\/uploads\/2025\/03\/image-910-227x300.png 227w\" sizes=\"auto, (max-width: 684px) 100vw, 684px\" \/><\/figure>\n","protected":false},"excerpt":{"rendered":"<p>La Direcci\u00f3n de Seguridad Alimentaria del Ministerio de Desarrollo Social de la Provincia, a trav\u00e9s de un equipo del Programa &#8220;Manos Por\u00e1&#8221;, entreg\u00f3 este viernes ajuares para beb\u00e9s en el&hellip; <\/p>\n","protected":false},"author":4,"featured_media":198066,"comment_status":"closed","ping_status":"open","sticky":false,"template":"","format":"standard","meta":{"footnotes":""},"categories":[17],"tags":[],"class_list":["post-198063","post","type-post","status-publish","format-standard","has-post-thumbnail","hentry","category-sociales"],"_links":{"self":[{"href":"https:\/\/corrientesdetarde.com\/index.php\/wp-json\/wp\/v2\/posts\/198063","targetHints":{"allow":["GET"]}}],"collection":[{"href":"https:\/\/corrientesdetarde.com\/index.php\/wp-json\/wp\/v2\/posts"}],"about":[{"href":"https:\/\/corrientesdetarde.com\/index.php\/wp-json\/wp\/v2\/types\/post"}],"author":[{"embeddable":true,"href":"https:\/\/corrientesdetarde.com\/index.php\/wp-json\/wp\/v2\/users\/4"}],"replies":[{"embeddable":true,"href":"https:\/\/corrientesdetarde.com\/index.php\/wp-json\/wp\/v2\/comments?post=198063"}],"version-history":[{"count":1,"href":"https:\/\/corrientesdetarde.com\/index.php\/wp-json\/wp\/v2\/posts\/198063\/revisions"}],"predecessor-version":[{"id":198067,"href":"https:\/\/corrientesdetarde.com\/index.php\/wp-json\/wp\/v2\/posts\/198063\/revisions\/198067"}],"wp:featuredmedia":[{"embeddable":true,"href":"https:\/\/corrientesdetarde.com\/index.php\/wp-json\/wp\/v2\/media\/198066"}],"wp:attachment":[{"href":"https:\/\/corrientesdetarde.com\/index.php\/wp-json\/wp\/v2\/media?parent=198063"}],"wp:term":[{"taxonomy":"category","embeddable":true,"href":"https:\/\/corrientesdetarde.com\/index.php\/wp-json\/wp\/v2\/categories?post=198063"},{"taxonomy":"post_tag","embeddable":true,"href":"https:\/\/corrientesdetarde.com\/index.php\/wp-json\/wp\/v2\/tags?post=198063"}],"curies":[{"name":"wp","href":"https:\/\/api.w.org\/{rel}","templated":true}]}}