{"id":198073,"date":"2025-03-21T20:45:09","date_gmt":"2025-03-21T23:45:09","guid":{"rendered":"https:\/\/corrientesdetarde.com\/?p=198073"},"modified":"2025-03-22T08:13:06","modified_gmt":"2025-03-22T11:13:06","slug":"el-banco-de-corrientes-con-presencia-destacada-en-la-felaban","status":"publish","type":"post","link":"https:\/\/corrientesdetarde.com\/index.php\/locales\/el-banco-de-corrientes-con-presencia-destacada-en-la-felaban\/","title":{"rendered":"El Banco de Corrientes, con presencia destacada en la FELABAN"},"content":{"rendered":"\n<p>En el marco del 60\u00b0 aniversario de la FELABAN (Federaci\u00f3n Latinoamericana de Bancos) y de este convocante encuentro de l\u00edderes latinoamericanos, la entidad financiera correntina y su presidenta, Laura Sprovieri, fueron reconocidos por su compromiso, gesti\u00f3n innovadora y destacada labor en el sector financiero. Los d\u00edas 17, 18 y 19 de marzo se desarrollaron las primeras reuniones estatutarias del a\u00f1o de la Federaci\u00f3n en la ciudad de Buenos Aires. El evento reuni\u00f3 a l\u00edderes de la banca latinoamericana de 17 asociaciones bancarias, quienes discutieron temas claves e intercambiaron ideas, experiencias y estrategias con la mirada puesta en los desaf\u00edos venideros.<\/p>\n\n\n\n<p>Durante el evento, los destacados representantes de las entidades bancarias participaron en una serie de charlas brindadas por referentes del mundo de las finanzas. En ellas, se debati\u00f3 sobre macroeconom\u00eda, regulaci\u00f3n, mercado de capitales, fintech y medios de pago, entre otros novedosos temas que estuvieron en agenda.<\/p>\n\n\n\n<p>En este marco el Banco de Corrientes fue elegido por la FELABAN como anfitri\u00f3n del encuentro de clausura de estas jornadas, una oportunidad de alcance internacional para la banca p\u00fablica correntina.<\/p>\n\n\n\n<p>El evento exclusivo, realizado el 19 de marzo en la sede del Banco de Corrientes en CABA, cont\u00f3 con la presencia&nbsp; de destacados l\u00edderes financieros de la banca p\u00fablica y privada de Argentina, Chile, M\u00e9xico, Panam\u00e1, Bolivia, Rep\u00fablica Dominicana, Uruguay, Venezuela, El Salvador, Ecuador, Colombia y Paraguay. Uno de ellos fue el presidente de la FELABAN, Ra\u00fal Guizado Novey, y tambi\u00e9n presidentes de bancos que conforman la ABAPPRA y referentes de bancos latinoamericanos. Por parte del BanCo estuvieron presentes la presidenta Laura Sprovieri, el director Enzo Gast\u00f3n Mar\u00eda y el s\u00edndico Luis Miguel Gutnisky.<\/p>\n\n\n\n<p>En este contexto, la contadora Laura Sprovieri expres\u00f3: \u201cEs un verdadero placer, honor y privilegio darles la bienvenida a nuestra casa, la casa del Banco de Corrientes en sucursal Buenos Aires. Agradezco su presencia y disposici\u00f3n para sumarse a este encuentro que refleja nuestro compromiso como l\u00edderes de instituciones financieras en construir un futuro colaborativo para la regi\u00f3n\u201d.<\/p>\n\n\n\n<p>Finalmente, destac\u00f3 que \u201ceste espacio es clave para intercambiar ideas, experiencias y estrategias que nos permitan enfrentar los desaf\u00edos que tenemos por delante\u201d.<\/p>\n\n\n\n<p>Para el Banco de Corrientes, esta iniciativa represent\u00f3 adem\u00e1s una oportunidad \u00fanica para reafirmar su impronta institucional y su identidad provincial en un evento de relevancia internacional. Su participaci\u00f3n en esta celebraci\u00f3n fortaleci\u00f3 su posicionamiento dentro del \u00e1mbito financiero y bancario regional, consolidando su rol como un actor clave en el ecosistema financiero latinoamericano. Sin dudas un banco que sigue creciendo y marcando el camino del sector financiero.<\/p>\n\n\n\n<figure class=\"wp-block-image size-large\"><img loading=\"lazy\" decoding=\"async\" width=\"1024\" height=\"677\" src=\"https:\/\/corrientesdetarde.com\/wp-content\/uploads\/2025\/03\/image-914-1024x677.png\" alt=\"\" class=\"wp-image-198075\" srcset=\"https:\/\/corrientesdetarde.com\/wp-content\/uploads\/2025\/03\/image-914-1024x677.png 1024w, https:\/\/corrientesdetarde.com\/wp-content\/uploads\/2025\/03\/image-914-300x198.png 300w, https:\/\/corrientesdetarde.com\/wp-content\/uploads\/2025\/03\/image-914-768x508.png 768w, https:\/\/corrientesdetarde.com\/wp-content\/uploads\/2025\/03\/image-914.png 1374w\" sizes=\"auto, (max-width: 1024px) 100vw, 1024px\" \/><\/figure>\n\n\n\n<p><strong>Sobre las jornadas<\/strong><\/p>\n\n\n\n<p>El evento reuni\u00f3 a l\u00edderes de la banca latinoamericana de 17 asociaciones bancarias, quienes discutieron temas claves y cr\u00edticos para el sector. Las autoridades de la&nbsp;Asociaci\u00f3n de Bancos P\u00fablicos y Privados de la Rep\u00fablica Argentina (ABAPPRA) destacaron el compromiso de la banca en la promoci\u00f3n del desarrollo sostenible y la inclusi\u00f3n financiera en la regi\u00f3n.<\/p>\n\n\n\n<p>Durante estos encuentros, se desarrollaron diversas actividades entre las que se destacan exposiciones encabezadas por&nbsp;Pablo Quirno (Secretario de Finanzas de la Rep\u00fablica Argentina), Juan Curuchet (Superintendente de Entidades Financieras y Cambiarias del BCRA) y Roberto E. Silva (Presidente Comisi\u00f3n Nacional de Valores CNV).<\/p>\n\n\n\n<p>Estos espacios de discusi\u00f3n y an\u00e1lisis permiten fortalecer la colaboraci\u00f3n entre los actores del sector, compartir conocimientos estrat\u00e9gicos y trazar en conjunto el camino hacia un futuro financiero m\u00e1s din\u00e1mico e innovador en la regi\u00f3n.<\/p>\n","protected":false},"excerpt":{"rendered":"<p>En el marco del 60\u00b0 aniversario de la FELABAN (Federaci\u00f3n Latinoamericana de Bancos) y de este convocante encuentro de l\u00edderes latinoamericanos, la entidad financiera correntina y su presidenta, Laura Sprovieri,&hellip; <\/p>\n","protected":false},"author":4,"featured_media":198074,"comment_status":"closed","ping_status":"open","sticky":false,"template":"","format":"standard","meta":{"footnotes":""},"categories":[8],"tags":[],"class_list":["post-198073","post","type-post","status-publish","format-standard","has-post-thumbnail","hentry","category-locales"],"_links":{"self":[{"href":"https:\/\/corrientesdetarde.com\/index.php\/wp-json\/wp\/v2\/posts\/198073","targetHints":{"allow":["GET"]}}],"collection":[{"href":"https:\/\/corrientesdetarde.com\/index.php\/wp-json\/wp\/v2\/posts"}],"about":[{"href":"https:\/\/corrientesdetarde.com\/index.php\/wp-json\/wp\/v2\/types\/post"}],"author":[{"embeddable":true,"href":"https:\/\/corrientesdetarde.com\/index.php\/wp-json\/wp\/v2\/users\/4"}],"replies":[{"embeddable":true,"href":"https:\/\/corrientesdetarde.com\/index.php\/wp-json\/wp\/v2\/comments?post=198073"}],"version-history":[{"count":3,"href":"https:\/\/corrientesdetarde.com\/index.php\/wp-json\/wp\/v2\/posts\/198073\/revisions"}],"predecessor-version":[{"id":198106,"href":"https:\/\/corrientesdetarde.com\/index.php\/wp-json\/wp\/v2\/posts\/198073\/revisions\/198106"}],"wp:featuredmedia":[{"embeddable":true,"href":"https:\/\/corrientesdetarde.com\/index.php\/wp-json\/wp\/v2\/media\/198074"}],"wp:attachment":[{"href":"https:\/\/corrientesdetarde.com\/index.php\/wp-json\/wp\/v2\/media?parent=198073"}],"wp:term":[{"taxonomy":"category","embeddable":true,"href":"https:\/\/corrientesdetarde.com\/index.php\/wp-json\/wp\/v2\/categories?post=198073"},{"taxonomy":"post_tag","embeddable":true,"href":"https:\/\/corrientesdetarde.com\/index.php\/wp-json\/wp\/v2\/tags?post=198073"}],"curies":[{"name":"wp","href":"https:\/\/api.w.org\/{rel}","templated":true}]}}