{"id":198411,"date":"2025-03-24T10:03:05","date_gmt":"2025-03-24T13:03:05","guid":{"rendered":"https:\/\/corrientesdetarde.com\/?p=198411"},"modified":"2025-03-24T10:03:06","modified_gmt":"2025-03-24T13:03:06","slug":"una-maraton-nocturna-el-sabado-por-la-noche-en-la-ciudad","status":"publish","type":"post","link":"https:\/\/corrientesdetarde.com\/index.php\/deportes\/una-maraton-nocturna-el-sabado-por-la-noche-en-la-ciudad\/","title":{"rendered":"Una marat\u00f3n nocturna el s\u00e1bado por la noche en la ciudad"},"content":{"rendered":"\n<p>Bajo el lema &#8220;Ellas inspiran&#8221;, la Municipalidad de Corrientes llev\u00f3 adelante la primera marat\u00f3n nocturna en la ciudad. La actividad cont\u00f3 con la participaci\u00f3n de m\u00e1s de 500 participantes y se realiz\u00f3 en el marco de la celebraci\u00f3n del Mes de la Mujer, dando apertura a la temporada de maratones barriales. &#8220;Somos una ciudad de eventos y este es uno muy importante, que se hace en los barrios&#8221;, resalt\u00f3 el intendente Eduardo Tassano.<\/p>\n\n\n\n<p>Las Maratones Barriales son itinerantes, lo que significa que se realizan en diferentes barrios de la ciudad para promover la actividad f\u00edsica y la integraci\u00f3n comunitaria. &#8220;Ya tenemos fechas para lo que es el 2025 y vamos a estar en un mont\u00f3n de otros lugares porque esto es itinerante&#8221;, asegur\u00f3 el Jefe comunal.<\/p>\n\n\n\n<p>La marat\u00f3n tuvo lugar en el barrio Santa Catalina y cont\u00f3 con dos instancias, una de 2 km no competitiva y otra de 6 km para competidores. Adem\u00e1s de vecinos de Capital, se sumaron deportistas de otras localidades, como Riachuelo, Empedrado e incluso de la provincia de Chaco. Hubo atletas de todas las edades, desde ni\u00f1os hasta adultos mayores.<\/p>\n\n\n\n<p>En este caso, la participaci\u00f3n femenina ha sido destacada, pasando de un 15% a m\u00e1s de 50% en comparaci\u00f3n con ediciones anteriores. &#8220;Hay un furor con la participaci\u00f3n femenina. Corren chicas solas, corren madres con sus hijos, amigas, de todas las edades, algo impresionante&#8221;, resalt\u00f3 Tassano.<\/p>\n\n\n\n<p>&#8220;Estamos fomentando las actividades nocturnas en la ciudad de Corrientes y tambi\u00e9n que todas nuestras actividades sean de manera itinerante en toda Capital, en todos los barrios&#8221;, resalt\u00f3 el secretario de Turismo y Deportes, Juan Enrique Braillard Poccard.<\/p>\n\n\n\n<p>&#8220;Gratuitas, libres y como decimos siempre, tratando de cuidar siempre al corredor, al deportista y manteniendo un servicio de muy buena calidad&#8221;, destac\u00f3 el funcionario.<\/p>\n\n\n\n<p>En la misma l\u00ednea, Mathias Bocal\u00f3n, subsecretario de Desarrollo Deportivo y Grandes Eventos, explic\u00f3 que &#8220;hoy no es competitivo, pero s\u00ed nos preparamos para seis fechas durante el 2025&#8221;.<\/p>\n","protected":false},"excerpt":{"rendered":"<p>Bajo el lema &#8220;Ellas inspiran&#8221;, la Municipalidad de Corrientes llev\u00f3 adelante la primera marat\u00f3n nocturna en la ciudad. La actividad cont\u00f3 con la participaci\u00f3n de m\u00e1s de 500 participantes y&hellip; <\/p>\n","protected":false},"author":3,"featured_media":198420,"comment_status":"closed","ping_status":"open","sticky":false,"template":"","format":"standard","meta":{"footnotes":""},"categories":[4],"tags":[],"class_list":["post-198411","post","type-post","status-publish","format-standard","has-post-thumbnail","hentry","category-deportes"],"_links":{"self":[{"href":"https:\/\/corrientesdetarde.com\/index.php\/wp-json\/wp\/v2\/posts\/198411","targetHints":{"allow":["GET"]}}],"collection":[{"href":"https:\/\/corrientesdetarde.com\/index.php\/wp-json\/wp\/v2\/posts"}],"about":[{"href":"https:\/\/corrientesdetarde.com\/index.php\/wp-json\/wp\/v2\/types\/post"}],"author":[{"embeddable":true,"href":"https:\/\/corrientesdetarde.com\/index.php\/wp-json\/wp\/v2\/users\/3"}],"replies":[{"embeddable":true,"href":"https:\/\/corrientesdetarde.com\/index.php\/wp-json\/wp\/v2\/comments?post=198411"}],"version-history":[{"count":1,"href":"https:\/\/corrientesdetarde.com\/index.php\/wp-json\/wp\/v2\/posts\/198411\/revisions"}],"predecessor-version":[{"id":198448,"href":"https:\/\/corrientesdetarde.com\/index.php\/wp-json\/wp\/v2\/posts\/198411\/revisions\/198448"}],"wp:featuredmedia":[{"embeddable":true,"href":"https:\/\/corrientesdetarde.com\/index.php\/wp-json\/wp\/v2\/media\/198420"}],"wp:attachment":[{"href":"https:\/\/corrientesdetarde.com\/index.php\/wp-json\/wp\/v2\/media?parent=198411"}],"wp:term":[{"taxonomy":"category","embeddable":true,"href":"https:\/\/corrientesdetarde.com\/index.php\/wp-json\/wp\/v2\/categories?post=198411"},{"taxonomy":"post_tag","embeddable":true,"href":"https:\/\/corrientesdetarde.com\/index.php\/wp-json\/wp\/v2\/tags?post=198411"}],"curies":[{"name":"wp","href":"https:\/\/api.w.org\/{rel}","templated":true}]}}