{"id":198413,"date":"2025-03-24T10:03:06","date_gmt":"2025-03-24T13:03:06","guid":{"rendered":"https:\/\/corrientesdetarde.com\/?p=198413"},"modified":"2025-03-24T10:03:08","modified_gmt":"2025-03-24T13:03:08","slug":"wanda-compartio-las-primeras-imagenes-luego-de-su-cirugia-durante-su-viaje-a-paraguay","status":"publish","type":"post","link":"https:\/\/corrientesdetarde.com\/index.php\/informacion-general\/wanda-compartio-las-primeras-imagenes-luego-de-su-cirugia-durante-su-viaje-a-paraguay\/","title":{"rendered":"Wanda comparti\u00f3 las primeras im\u00e1genes luego de su cirug\u00eda durante su viaje a Paraguay"},"content":{"rendered":"\n<p>La conductora se present\u00f3 en el mismo festival que L-Gante, con quien comparti\u00f3 el avi\u00f3n rumbo a Asunci\u00f3n. El detalle que delata su estado despu\u00e9s de la operaci\u00f3n.<\/p>\n\n\n\n<p>Wanda Nara volvi\u00f3 a ser protagonista en las redes sociales tras su reciente intervenci\u00f3n quir\u00fargica, mostrando su figura renovada en las primeras im\u00e1genes que comparti\u00f3 desde Paraguay. La empresaria, que fue el blanco de la semana tras la confirmaci\u00f3n de su divorcio de Mauro Icardi y una supuesta ruptura con L-Gante, regres\u00f3 con un nuevo look que no pas\u00f3 desapercibido.<\/p>\n\n\n\n<p>Fue en distintas fotos publicadas en sus historias de Instagram donde Wanda mostr\u00f3 su nueva figura. Acompa\u00f1ada por su amiga, la medi\u00e1tica posaba frente a la c\u00e1mara con una faja postoperatoria, t\u00edpica en los procedimientos est\u00e9ticos para ayudar en la recuperaci\u00f3n. A pesar de que su outfit estaba cuidadosamente elegido, la faja, visible bajo su ropa, llam\u00f3 la atenci\u00f3n y dej\u00f3 claro que a\u00fan se encontraba en el proceso de recuperaci\u00f3n.<\/p>\n\n\n\n<p>En las im\u00e1genes, se puede ver a Wanda luciendo una figura m\u00e1s estilizada, y la forma en la que pos\u00f3 frente a la c\u00e1mara destac\u00f3 ciertos cambios. Su cuerpo mostr\u00f3 lo que muchos, a trav\u00e9s de las redes sociales, interpretaron como una reducci\u00f3n de busto.<\/p>\n\n\n\n<p><strong>Los rumores detr\u00e1s de la cirug\u00eda: est\u00e9tica o salud<\/strong><br><br>La intervenci\u00f3n de Wanda Nara gener\u00f3 controversia, sobre todo por los rumores que r\u00e1pidamente comenzaron a circular en los medios. Mientras algunos especulaban que se trataba de una operaci\u00f3n est\u00e9tica motivada por razones personales, otros indicaron que la cirug\u00eda podr\u00eda estar relacionada con la salud de la conductora, que padece leucemia. Ante los comentarios, el abogado de Wanda, Nicol\u00e1s Payarola, fue quien aclar\u00f3 la situaci\u00f3n.<\/p>\n\n\n\n<p>Seg\u00fan afirm\u00f3 el letrado, la intervenci\u00f3n fue &#8220;necesaria&#8221; y estaba m\u00ednimamente vinculada a la leucemia que Wanda padece. Adem\u00e1s, explic\u00f3 que la cirug\u00eda fue decidida en el \u00faltimo momento y que, aunque existieron factores est\u00e9ticos en el procedimiento, tambi\u00e9n hubo motivos m\u00e9dicos que llevaron a su realizaci\u00f3n.<\/p>\n\n\n\n<p>Por su parte, la periodista Yanina Latorre, en su nuevo programa, S\u00e1lvese quien pueda (Am\u00e9rica TV), donde desarrolla el rol de conductora, fue m\u00e1s directa. &#8220;Lo cierto es que Wanda se hizo una cirug\u00eda est\u00e9tica; se achic\u00f3 las lolas&#8221;, coment\u00f3, dejando entrever que los cambios no solo fueron una cuesti\u00f3n de salud, sino que tambi\u00e9n respondieron a la voluntad de la medi\u00e1tica de ajustar su imagen f\u00edsica. Latorre agreg\u00f3 que Wanda aprovech\u00f3 un encapsulamiento con sangre en el pecho, para realizarse este procedimiento est\u00e9tico de reducci\u00f3n mamaria.<\/p>\n","protected":false},"excerpt":{"rendered":"<p>La conductora se present\u00f3 en el mismo festival que L-Gante, con quien comparti\u00f3 el avi\u00f3n rumbo a Asunci\u00f3n. El detalle que delata su estado despu\u00e9s de la operaci\u00f3n. Wanda Nara&hellip; <\/p>\n","protected":false},"author":3,"featured_media":198421,"comment_status":"closed","ping_status":"open","sticky":false,"template":"","format":"standard","meta":{"footnotes":""},"categories":[1],"tags":[],"class_list":["post-198413","post","type-post","status-publish","format-standard","has-post-thumbnail","hentry","category-informacion-general"],"_links":{"self":[{"href":"https:\/\/corrientesdetarde.com\/index.php\/wp-json\/wp\/v2\/posts\/198413","targetHints":{"allow":["GET"]}}],"collection":[{"href":"https:\/\/corrientesdetarde.com\/index.php\/wp-json\/wp\/v2\/posts"}],"about":[{"href":"https:\/\/corrientesdetarde.com\/index.php\/wp-json\/wp\/v2\/types\/post"}],"author":[{"embeddable":true,"href":"https:\/\/corrientesdetarde.com\/index.php\/wp-json\/wp\/v2\/users\/3"}],"replies":[{"embeddable":true,"href":"https:\/\/corrientesdetarde.com\/index.php\/wp-json\/wp\/v2\/comments?post=198413"}],"version-history":[{"count":1,"href":"https:\/\/corrientesdetarde.com\/index.php\/wp-json\/wp\/v2\/posts\/198413\/revisions"}],"predecessor-version":[{"id":198450,"href":"https:\/\/corrientesdetarde.com\/index.php\/wp-json\/wp\/v2\/posts\/198413\/revisions\/198450"}],"wp:featuredmedia":[{"embeddable":true,"href":"https:\/\/corrientesdetarde.com\/index.php\/wp-json\/wp\/v2\/media\/198421"}],"wp:attachment":[{"href":"https:\/\/corrientesdetarde.com\/index.php\/wp-json\/wp\/v2\/media?parent=198413"}],"wp:term":[{"taxonomy":"category","embeddable":true,"href":"https:\/\/corrientesdetarde.com\/index.php\/wp-json\/wp\/v2\/categories?post=198413"},{"taxonomy":"post_tag","embeddable":true,"href":"https:\/\/corrientesdetarde.com\/index.php\/wp-json\/wp\/v2\/tags?post=198413"}],"curies":[{"name":"wp","href":"https:\/\/api.w.org\/{rel}","templated":true}]}}