{"id":198465,"date":"2025-03-24T17:00:00","date_gmt":"2025-03-24T20:00:00","guid":{"rendered":"https:\/\/corrientesdetarde.com\/?p=198465"},"modified":"2025-03-24T17:22:10","modified_gmt":"2025-03-24T20:22:10","slug":"convocan-a-una-marcha-por-el-femicidio-de-sol-selena-gomez-moniel-en-chaco","status":"publish","type":"post","link":"https:\/\/corrientesdetarde.com\/index.php\/crimen-y-justicia\/convocan-a-una-marcha-por-el-femicidio-de-sol-selena-gomez-moniel-en-chaco\/","title":{"rendered":"Convocan a una marcha por el femicidio de Sol Selena G\u00f3mez Moniel en Chaco."},"content":{"rendered":"\n<h2 class=\"wp-block-heading\">El reclamo tiene como objetivo exigir justicia por el crimen\u00a0de Sol Selena G\u00f3mez Montiel.\u00a0La familia de la v\u00edctima solicit\u00f3 a quienes asistan que lleven carteles y antorchas como s\u00edmbolo de su pedido de justicia.<\/h2>\n\n\n\n<p>Familiares y amigos de&nbsp;<strong>Sol Selena G\u00f3mez Montiel<\/strong>, la adolescente de 13 a\u00f1os asesinada el pasado viernes en el Barrio Aipo de Fontana, convocan a una&nbsp;<strong>marcha&nbsp;<\/strong>este&nbsp;<strong>martes 25 de marzo a las 18:30 en el m\u00e1stil de la avenida 9 de Julio<\/strong>, en Resistencia, Chaco.<\/p>\n\n\n\n<p>El reclamo tiene como objetivo exigir justicia por el crimen, por el cual est\u00e1 detenido B. A. C., de 18 a\u00f1os. La familia de la v\u00edctima solicit\u00f3 a quienes asistan que lleven&nbsp;<strong>carteles y antorchas como s\u00edmbolo de su pedido de justicia.<\/strong><\/p>\n\n\n\n<p><strong>\u201cMa\u00f1ana los esperamos para hacer justicia por Solcito, por favor vengan todos para hacer m\u00e1s fuerza\u201d<\/strong>, expres\u00f3 Micaela Montiel, madre de la adolescente.<\/p>\n\n\n\n<p>La abuela Julia Montiel y el padre de la v\u00edctima, Germ\u00e1n G\u00f3mez, tambi\u00e9n acompa\u00f1aron el llamado a la movilizaci\u00f3n, esperando una gran participaci\u00f3n de la comunidad en apoyo al reclamo.<\/p>\n","protected":false},"excerpt":{"rendered":"<p>El reclamo tiene como objetivo exigir justicia por el crimen\u00a0de Sol Selena G\u00f3mez Montiel.\u00a0La familia de la v\u00edctima solicit\u00f3 a quienes asistan que lleven carteles y antorchas como s\u00edmbolo de&hellip; <\/p>\n","protected":false},"author":6,"featured_media":198467,"comment_status":"closed","ping_status":"open","sticky":false,"template":"","format":"standard","meta":{"footnotes":""},"categories":[5],"tags":[],"class_list":["post-198465","post","type-post","status-publish","format-standard","has-post-thumbnail","hentry","category-crimen-y-justicia"],"_links":{"self":[{"href":"https:\/\/corrientesdetarde.com\/index.php\/wp-json\/wp\/v2\/posts\/198465","targetHints":{"allow":["GET"]}}],"collection":[{"href":"https:\/\/corrientesdetarde.com\/index.php\/wp-json\/wp\/v2\/posts"}],"about":[{"href":"https:\/\/corrientesdetarde.com\/index.php\/wp-json\/wp\/v2\/types\/post"}],"author":[{"embeddable":true,"href":"https:\/\/corrientesdetarde.com\/index.php\/wp-json\/wp\/v2\/users\/6"}],"replies":[{"embeddable":true,"href":"https:\/\/corrientesdetarde.com\/index.php\/wp-json\/wp\/v2\/comments?post=198465"}],"version-history":[{"count":1,"href":"https:\/\/corrientesdetarde.com\/index.php\/wp-json\/wp\/v2\/posts\/198465\/revisions"}],"predecessor-version":[{"id":198468,"href":"https:\/\/corrientesdetarde.com\/index.php\/wp-json\/wp\/v2\/posts\/198465\/revisions\/198468"}],"wp:featuredmedia":[{"embeddable":true,"href":"https:\/\/corrientesdetarde.com\/index.php\/wp-json\/wp\/v2\/media\/198467"}],"wp:attachment":[{"href":"https:\/\/corrientesdetarde.com\/index.php\/wp-json\/wp\/v2\/media?parent=198465"}],"wp:term":[{"taxonomy":"category","embeddable":true,"href":"https:\/\/corrientesdetarde.com\/index.php\/wp-json\/wp\/v2\/categories?post=198465"},{"taxonomy":"post_tag","embeddable":true,"href":"https:\/\/corrientesdetarde.com\/index.php\/wp-json\/wp\/v2\/tags?post=198465"}],"curies":[{"name":"wp","href":"https:\/\/api.w.org\/{rel}","templated":true}]}}