{"id":198708,"date":"2025-03-25T21:04:50","date_gmt":"2025-03-26T00:04:50","guid":{"rendered":"https:\/\/corrientesdetarde.com\/?p=198708"},"modified":"2025-03-25T21:04:54","modified_gmt":"2025-03-26T00:04:54","slug":"imputaran-al-unico-detenido-por-el-crimen-de-la-adolescente-de-13-anos-en-chaco","status":"publish","type":"post","link":"https:\/\/corrientesdetarde.com\/index.php\/policiales\/imputaran-al-unico-detenido-por-el-crimen-de-la-adolescente-de-13-anos-en-chaco\/","title":{"rendered":"Imputar\u00e1n al \u00fanico detenido por el crimen de la adolescente de 13 a\u00f1os en Chaco"},"content":{"rendered":"\n<p>Las autoridades esperan la declaraci\u00f3n del joven de 18 a\u00f1os, arrestado al momento del hallazgo del cuerpo, para determinar si incorporar\u00e1n alg\u00fan agravante<\/p>\n\n\n\n<p>El \u00fanico detenido por el asesinato de Sol Selena G\u00f3mez Montiel, de 13 a\u00f1os, en la ciudad de Fontana, provincia de Chaco, ser\u00e1 imputado hoy en una de las dependencias del Poder Judicial chaque\u00f1o. Se trata del \u00fanico sospechoso del crimen.<\/p>\n\n\n\n<p>El homicidio ocurri\u00f3 el viernes 21 de marzo, cuando una mujer se present\u00f3 en la Comisar\u00eda Segunda de Fontana para denunciar que su hija de 13 a\u00f1os, quien hab\u00eda salido de su casa en el barrio Independencia con destino a un kiosco cercano, no hab\u00eda regresado. Inmediatamente, se activ\u00f3 el protocolo de b\u00fasqueda, notificando a las unidades policiales en circulaci\u00f3n y a las divisiones especiales. Mientras tanto, los familiares de la adolescente empezaron a solicitar ayuda de manera urgente a trav\u00e9s de las redes sociales.<\/p>\n\n\n\n<p>&nbsp;<br>A poco m\u00e1s de las 16 horas, la Polic\u00eda recibi\u00f3 un llamado solicitando la presencia de efectivos en un domicilio del barrio Aipo. La persona que se comunic\u00f3 con las autoridades ser\u00eda familiar del sospechoso detenido, aunque esta versi\u00f3n a\u00fan no ha sido confirmada oficialmente. Una vez all\u00ed, los agentes encontraron el cuerpo sin vida de la menor dentro de la vivienda. En el sitio, fue arrestado un joven de 18 a\u00f1os, individualizado bajo las siglas B.C.<\/p>\n\n\n\n<p>La causa qued\u00f3 en manos de la fiscal Ana Gonz\u00e1lez de Pacce, quien adelant\u00f3 al medio local Diario Norte que la imputaci\u00f3n ser\u00e1 &#8220;homicidio simple&#8221;, puesto que a\u00fan no se ha podido establecer que se haya tratado de un asesinato en el marco de una situaci\u00f3n de violencia de g\u00e9nero.<\/p>\n\n\n\n<p>&nbsp;<br>De igual forma, el detenido declarar\u00e1 este martes y, con base a su testimonio, se decidir\u00e1 si se agregar\u00e1 el agravante de criminis causa. De acuerdo con el resultado de las pericias realizadas sobre el cuerpo, se descart\u00f3 que la menor haya sido v\u00edctima de un abuso sexual y se pudo confirmar que presenta golpes en la cabeza y el t\u00f3rax, al tiempo que descubrieron que el agresor habr\u00eda intentado ahorcarla en un primer momento.<\/p>\n\n\n\n<p>Sin embargo, hallaron rasgu\u00f1os en el cuerpo del detenido, por lo que creen que Sol intent\u00f3 defenderse de su asesino. Adem\u00e1s, se desconoce si el detenido tom\u00f3 a la adolescente y la introdujo a la fuerza a su domicilio o, por el contrario, la enga\u00f1\u00f3 para que entrara por su cuenta.<\/p>\n\n\n\n<p>En el lugar del hallazgo, trabajaron el personal de Medicina Legal y del Gabinete Cient\u00edfico, quienes realizaron las primeras pericias para avanzar en la investigaci\u00f3n y hallaron un amortiguador que se cree ser\u00eda el arma homicida.<\/p>\n\n\n\n<h3 class=\"wp-block-heading\">La desgarradora despedida de la familia<\/h3>\n\n\n\n<p><br>El caso gener\u00f3 una gran conmoci\u00f3n en la comunidad; incluso, el mismo d\u00eda del crimen, familiares y vecinos de la v\u00edctima se congregaron en las inmediaciones de la vivienda, donde exigieron justicia por el crimen. Ante la tensi\u00f3n creciente, varios m\u00f3viles policiales y hasta efectivos del cuerpo de Infanter\u00eda formaron un cord\u00f3n de seguridad frente al inmueble para evitar incidentes.<\/p>\n\n\n\n<p>En ese sentido, convocaron a una marcha para hoy, cerca de las 18.30 para exigir justicia. El punto de encuentro ser\u00e1 el m\u00e1stil de la Avenida 9 de julio de Resistencia.<\/p>\n\n\n\n<p>Mientras se gestaba la marcha, los mensajes de despedida comenzaron a hacerse p\u00fablicos en las redes sociales. &#8220;Hoy me duele en el alma m\u00e1s que nunca. \u00bfPor qu\u00e9 a vos? Si eras una nena tan aplicada, amorosa, educada. No hay consuelo, mi ni\u00f1a&#8221;, escribi\u00f3 su t\u00eda en la red social Facebook y agreg\u00f3: &#8220;No nos vamos a quedar con los brazos cruzados, no nos vamos a cansar de pedir justicia&#8221;.<\/p>\n\n\n\n<p>A las despedidas de los familiares, se sumaron vecinos y autoridades de Fontana. En ese sentido, las autoridades del Foro Vecinal de Seguridad P\u00fablica de la ciudad emitieron un comunicado tras el crimen. &#8220;Manifestamos nuestro m\u00e1s profundo pesar ante el tr\u00e1gico fallecimiento de Sol Selena G\u00f3mez Montiel y expresa su solidaridad con su familia en este momento de irreparable dolor&#8221;, sostuvieron y se sumaron al pedido de justicia.<\/p>\n","protected":false},"excerpt":{"rendered":"<p>Las autoridades esperan la declaraci\u00f3n del joven de 18 a\u00f1os, arrestado al momento del hallazgo del cuerpo, para determinar si incorporar\u00e1n alg\u00fan agravante El \u00fanico detenido por el asesinato de&hellip; <\/p>\n","protected":false},"author":4,"featured_media":198739,"comment_status":"closed","ping_status":"open","sticky":false,"template":"","format":"standard","meta":{"footnotes":""},"categories":[33],"tags":[],"class_list":["post-198708","post","type-post","status-publish","format-standard","has-post-thumbnail","hentry","category-policiales"],"_links":{"self":[{"href":"https:\/\/corrientesdetarde.com\/index.php\/wp-json\/wp\/v2\/posts\/198708","targetHints":{"allow":["GET"]}}],"collection":[{"href":"https:\/\/corrientesdetarde.com\/index.php\/wp-json\/wp\/v2\/posts"}],"about":[{"href":"https:\/\/corrientesdetarde.com\/index.php\/wp-json\/wp\/v2\/types\/post"}],"author":[{"embeddable":true,"href":"https:\/\/corrientesdetarde.com\/index.php\/wp-json\/wp\/v2\/users\/4"}],"replies":[{"embeddable":true,"href":"https:\/\/corrientesdetarde.com\/index.php\/wp-json\/wp\/v2\/comments?post=198708"}],"version-history":[{"count":1,"href":"https:\/\/corrientesdetarde.com\/index.php\/wp-json\/wp\/v2\/posts\/198708\/revisions"}],"predecessor-version":[{"id":198740,"href":"https:\/\/corrientesdetarde.com\/index.php\/wp-json\/wp\/v2\/posts\/198708\/revisions\/198740"}],"wp:featuredmedia":[{"embeddable":true,"href":"https:\/\/corrientesdetarde.com\/index.php\/wp-json\/wp\/v2\/media\/198739"}],"wp:attachment":[{"href":"https:\/\/corrientesdetarde.com\/index.php\/wp-json\/wp\/v2\/media?parent=198708"}],"wp:term":[{"taxonomy":"category","embeddable":true,"href":"https:\/\/corrientesdetarde.com\/index.php\/wp-json\/wp\/v2\/categories?post=198708"},{"taxonomy":"post_tag","embeddable":true,"href":"https:\/\/corrientesdetarde.com\/index.php\/wp-json\/wp\/v2\/tags?post=198708"}],"curies":[{"name":"wp","href":"https:\/\/api.w.org\/{rel}","templated":true}]}}