{"id":198710,"date":"2025-03-25T20:00:34","date_gmt":"2025-03-25T23:00:34","guid":{"rendered":"https:\/\/corrientesdetarde.com\/?p=198710"},"modified":"2025-03-25T20:00:35","modified_gmt":"2025-03-25T23:00:35","slug":"impactante-choque-en-corrientes-bomberos-rescataron-a-dos-personas-atrapadas","status":"publish","type":"post","link":"https:\/\/corrientesdetarde.com\/index.php\/policiales\/impactante-choque-en-corrientes-bomberos-rescataron-a-dos-personas-atrapadas\/","title":{"rendered":"Impactante choque en Corrientes: bomberos rescataron a dos personas atrapadas"},"content":{"rendered":"\n<p>El accidente ocurri\u00f3 en horas de la siesta del martes en la intersecci\u00f3n de calle G\u00fcemes y avenida Independencia.<\/p>\n\n\n\n<p>Dos personas fueron rescatadas por los bomberos tras quedar atrapadas en su veh\u00edculo luego de un violento choque entre dos camionetas en la ciudad de Corrientes.<\/p>\n\n\n\n<p>El accidente ocurri\u00f3 en horas de la siesta del martes en la intersecci\u00f3n de calle G\u00fcemes y avenida Independencia. Como consecuencia de la colisi\u00f3n, uno de los veh\u00edculos volc\u00f3, dejando a dos de sus ocupantes atrapados en el interior.<\/p>\n\n\n\n<p>Bomberos Voluntarios acudieron r\u00e1pidamente al lugar y lograron rescatarlos, tras lo cual fueron trasladados al Hospital Escuela para recibir atenci\u00f3n m\u00e9dica.<\/p>\n\n\n\n<p>Efectivos de la Polic\u00eda de Corrientes tambi\u00e9n intervinieron en el operativo, aunque hasta el momento se desconocen las causas del siniestro.<\/p>\n","protected":false},"excerpt":{"rendered":"<p>El accidente ocurri\u00f3 en horas de la siesta del martes en la intersecci\u00f3n de calle G\u00fcemes y avenida Independencia. Dos personas fueron rescatadas por los bomberos tras quedar atrapadas en&hellip; <\/p>\n","protected":false},"author":4,"featured_media":198729,"comment_status":"closed","ping_status":"open","sticky":false,"template":"","format":"standard","meta":{"footnotes":""},"categories":[33],"tags":[],"class_list":["post-198710","post","type-post","status-publish","format-standard","has-post-thumbnail","hentry","category-policiales"],"_links":{"self":[{"href":"https:\/\/corrientesdetarde.com\/index.php\/wp-json\/wp\/v2\/posts\/198710","targetHints":{"allow":["GET"]}}],"collection":[{"href":"https:\/\/corrientesdetarde.com\/index.php\/wp-json\/wp\/v2\/posts"}],"about":[{"href":"https:\/\/corrientesdetarde.com\/index.php\/wp-json\/wp\/v2\/types\/post"}],"author":[{"embeddable":true,"href":"https:\/\/corrientesdetarde.com\/index.php\/wp-json\/wp\/v2\/users\/4"}],"replies":[{"embeddable":true,"href":"https:\/\/corrientesdetarde.com\/index.php\/wp-json\/wp\/v2\/comments?post=198710"}],"version-history":[{"count":1,"href":"https:\/\/corrientesdetarde.com\/index.php\/wp-json\/wp\/v2\/posts\/198710\/revisions"}],"predecessor-version":[{"id":198730,"href":"https:\/\/corrientesdetarde.com\/index.php\/wp-json\/wp\/v2\/posts\/198710\/revisions\/198730"}],"wp:featuredmedia":[{"embeddable":true,"href":"https:\/\/corrientesdetarde.com\/index.php\/wp-json\/wp\/v2\/media\/198729"}],"wp:attachment":[{"href":"https:\/\/corrientesdetarde.com\/index.php\/wp-json\/wp\/v2\/media?parent=198710"}],"wp:term":[{"taxonomy":"category","embeddable":true,"href":"https:\/\/corrientesdetarde.com\/index.php\/wp-json\/wp\/v2\/categories?post=198710"},{"taxonomy":"post_tag","embeddable":true,"href":"https:\/\/corrientesdetarde.com\/index.php\/wp-json\/wp\/v2\/tags?post=198710"}],"curies":[{"name":"wp","href":"https:\/\/api.w.org\/{rel}","templated":true}]}}