{"id":198726,"date":"2025-03-25T19:59:39","date_gmt":"2025-03-25T22:59:39","guid":{"rendered":"https:\/\/corrientesdetarde.com\/?p=198726"},"modified":"2025-03-25T19:59:44","modified_gmt":"2025-03-25T22:59:44","slug":"corrientes-un-auto-se-prendio-fuego-y-tuvieron-que-rescatar-a-la-conductora","status":"publish","type":"post","link":"https:\/\/corrientesdetarde.com\/index.php\/policiales\/corrientes-un-auto-se-prendio-fuego-y-tuvieron-que-rescatar-a-la-conductora\/","title":{"rendered":"Corrientes: un auto se prendi\u00f3 fuego y tuvieron que rescatar a la conductora"},"content":{"rendered":"\n<p>El incidente ocurri\u00f3 en el kil\u00f3metro 10 de la Ruta Provincial 129, cuando la mujer viajaba sola y su veh\u00edculo termin\u00f3 completamente destruido por un incendio.<\/p>\n\n\n\n<p>Una conductora fue rescatada este martes cerca del mediod\u00eda luego de que su autom\u00f3vil comenzara a arder debido a un presunto fallo mec\u00e1nico. El incidente ocurri\u00f3 en el kil\u00f3metro 10 de la Ruta Provincial 129, cuando la mujer viajaba sola y su veh\u00edculo termin\u00f3 completamente destruido por el incendio.<\/p>\n\n\n\n<p>Afortunadamente, los Bomberos Voluntarios de Monte Caseros llegaron r\u00e1pidamente al lugar y pudieron evacuar a la conductora antes de que las llamas se propagaran. La mujer fue trasladada al Hospital &#8220;Dr. Samuel Robinson&#8221; para recibir atenci\u00f3n m\u00e9dica.<\/p>\n\n\n\n<p>El autom\u00f3vil, envuelto en llamas, termin\u00f3 en la banquina, a varios metros del pavimento y cerca del alambrado perimetral de un campo, donde se encontraba una forestaci\u00f3n de eucaliptos. Adem\u00e1s, personal policial se hizo presente en el lugar y elabor\u00f3 un informe en colaboraci\u00f3n con la Fiscal\u00eda en turno.<\/p>\n\n\n\n<p>Gracias a la r\u00e1pida intervenci\u00f3n de los bomberos, se evit\u00f3 que el fuego se expandiera a la zona circundante.<\/p>\n","protected":false},"excerpt":{"rendered":"<p>El incidente ocurri\u00f3 en el kil\u00f3metro 10 de la Ruta Provincial 129, cuando la mujer viajaba sola y su veh\u00edculo termin\u00f3 completamente destruido por un incendio. Una conductora fue rescatada&hellip; <\/p>\n","protected":false},"author":4,"featured_media":198727,"comment_status":"closed","ping_status":"open","sticky":false,"template":"","format":"standard","meta":{"footnotes":""},"categories":[33],"tags":[],"class_list":["post-198726","post","type-post","status-publish","format-standard","has-post-thumbnail","hentry","category-policiales"],"_links":{"self":[{"href":"https:\/\/corrientesdetarde.com\/index.php\/wp-json\/wp\/v2\/posts\/198726","targetHints":{"allow":["GET"]}}],"collection":[{"href":"https:\/\/corrientesdetarde.com\/index.php\/wp-json\/wp\/v2\/posts"}],"about":[{"href":"https:\/\/corrientesdetarde.com\/index.php\/wp-json\/wp\/v2\/types\/post"}],"author":[{"embeddable":true,"href":"https:\/\/corrientesdetarde.com\/index.php\/wp-json\/wp\/v2\/users\/4"}],"replies":[{"embeddable":true,"href":"https:\/\/corrientesdetarde.com\/index.php\/wp-json\/wp\/v2\/comments?post=198726"}],"version-history":[{"count":1,"href":"https:\/\/corrientesdetarde.com\/index.php\/wp-json\/wp\/v2\/posts\/198726\/revisions"}],"predecessor-version":[{"id":198728,"href":"https:\/\/corrientesdetarde.com\/index.php\/wp-json\/wp\/v2\/posts\/198726\/revisions\/198728"}],"wp:featuredmedia":[{"embeddable":true,"href":"https:\/\/corrientesdetarde.com\/index.php\/wp-json\/wp\/v2\/media\/198727"}],"wp:attachment":[{"href":"https:\/\/corrientesdetarde.com\/index.php\/wp-json\/wp\/v2\/media?parent=198726"}],"wp:term":[{"taxonomy":"category","embeddable":true,"href":"https:\/\/corrientesdetarde.com\/index.php\/wp-json\/wp\/v2\/categories?post=198726"},{"taxonomy":"post_tag","embeddable":true,"href":"https:\/\/corrientesdetarde.com\/index.php\/wp-json\/wp\/v2\/tags?post=198726"}],"curies":[{"name":"wp","href":"https:\/\/api.w.org\/{rel}","templated":true}]}}