{"id":198736,"date":"2025-03-25T20:59:32","date_gmt":"2025-03-25T23:59:32","guid":{"rendered":"https:\/\/corrientesdetarde.com\/?p=198736"},"modified":"2025-03-25T20:59:36","modified_gmt":"2025-03-25T23:59:36","slug":"el-ex-intendente-correntino-condenado-por-narcotrafico-volvio-a-la-politica","status":"publish","type":"post","link":"https:\/\/corrientesdetarde.com\/index.php\/politica\/el-ex-intendente-correntino-condenado-por-narcotrafico-volvio-a-la-politica\/","title":{"rendered":"El ex intendente correntino condenado por narcotr\u00e1fico volvi\u00f3 a la pol\u00edtica"},"content":{"rendered":"\n<p>Natividad Ter\u00e1n hab\u00eda sido condenado por brindar apoyo log\u00edstico y pol\u00edtico a narcos que cruzaban marihuana entre Corrientes y Paraguay. Acord\u00f3 un juicio abreviado y sali\u00f3 en libertad en 2019.<\/p>\n\n\n\n<p>El ex intendente de la localidad correntina de Itat\u00ed, Natividad &#8220;Roger&#8221; Ter\u00e1n, asumi\u00f3 la presidencia del Consejo Municipal del Partido Justicialista (PJ), tras cinco a\u00f1os de intervenci\u00f3n del partido en la provincia. Ter\u00e1n hab\u00eda sido condenado en 2017 por una asociaci\u00f3n il\u00edcita vinculada al narcotr\u00e1fico.<\/p>\n\n\n\n<p>A ocho a\u00f1os de la detenci\u00f3n del entonces intendente de Itat\u00ed y su vice, Fabio Aquino, en el marco del operativo Sapucay de Gendarmer\u00eda, Natividad Ter\u00e1n volvi\u00f3 a la pol\u00edtica oficialmente con un evento en el restaurante &#8220;De la Costa&#8221;, local gastron\u00f3mico del cual es due\u00f1o. En las im\u00e1genes difundidas por el partido se lo puede ver con una chomba negra y micr\u00f3fono en mano.<\/p>\n\n\n\n<p>Seg\u00fan inform\u00f3 el diario Norte, en la misma ceremonia tambi\u00e9n se lanz\u00f3 la candidatura a intendente de Juan Jos\u00e9 Fern\u00e1ndez, quien buscar\u00e1 este a\u00f1o su segundo mandato y que el peronismo vuelva a gobernar la localidad correntina, actualmente a cargo de Francisco Romero, quien est\u00e1 alineado con el gobernador Gustavo Vald\u00e9s.<\/p>\n\n\n\n<p>Adem\u00e1s, estuvieron presentes Nelson Javier Ter\u00e1n, integrante del Consejo Municipal de Itat\u00ed, y Vanina Soledad Ter\u00e1n, quien fue concejala entre 2018 y 2023. Ambos hijos de &#8220;Roger&#8221;.<\/p>\n\n\n\n<figure class=\"wp-block-image\"><img decoding=\"async\" src=\"https:\/\/www.diarioepoca.com\/content\/bucket\/1\/1421211w790h390c.jpg.webp\" alt=\"\"\/><\/figure>\n\n\n\n<p>El caso que llev\u00f3 a Ter\u00e1n y Aquino a la c\u00e1rcel, denominado &#8220;Megacausa Itat\u00ed&#8221;, investig\u00f3 el contrabando de 15 toneladas de droga y ten\u00eda un total de 31 acusados, que inclu\u00eda l\u00edderes de bandas narco, jefes y agentes de Prefectura, de la Polic\u00eda de Corrientes, la Federal y Gendarmer\u00eda.<\/p>\n\n\n\n<p>Carlos &#8220;Cachito&#8221; Bareiro (39), y Federico &#8220;Morenita&#8221; Mar\u00edn (31), fueron encontrados culpables -con penas de m\u00e1s de diez a\u00f1os- por liderar las bandas que cruzaban la marihuana desde Paraguay y luego distribu\u00edan hacia Buenos Aires, Santa Fe y C\u00f3rdoba, entre otros destinos.<\/p>\n\n\n\n<p>Ter\u00e1n logr\u00f3 un juicio abreviado luego de dos a\u00f1os detenido en el penal de Ezeiza, a la espera de la resoluci\u00f3n del juicio oral, y acord\u00f3 una pena de tres a\u00f1os por admitir que hab\u00eda sido parte de una banda narco que traficaba marihuana paraguaya. Por lo tanto, en septiembre de 2019 sali\u00f3 en libertad.<br>&nbsp;<br>Ya en ese entonces, en una entrevista radial, hab\u00eda anticipado que ten\u00eda intenciones de volver a la pol\u00edtica. &#8220;En un principio pensaba (dejar la pol\u00edtica), pero luego me alent\u00f3 y fortaleci\u00f3 mucho el acompa\u00f1amiento de los vecinos itate\u00f1os, que siempre me estuvieron apoyando y creyendo en mi inocencia&#8221;, dijo el ex funcionario condenado en Radio Mitre Corrientes.<\/p>\n\n\n\n<p>La Justicia hab\u00eda decidido inhabilitarlo para ocupar cargos p\u00fablicos pero solamente durante el tiempo que durara la condena. &#8220;Decid\u00ed llegar a un juicio abreviado porque hace mucho tiempo que estoy privado de la libertad y no tuve derecho de defensa&#8221;, dijo Ter\u00e1n en aquel momento.<\/p>\n","protected":false},"excerpt":{"rendered":"<p>Natividad Ter\u00e1n hab\u00eda sido condenado por brindar apoyo log\u00edstico y pol\u00edtico a narcos que cruzaban marihuana entre Corrientes y Paraguay. Acord\u00f3 un juicio abreviado y sali\u00f3 en libertad en 2019.&hellip; <\/p>\n","protected":false},"author":4,"featured_media":198737,"comment_status":"closed","ping_status":"open","sticky":false,"template":"","format":"standard","meta":{"footnotes":""},"categories":[3],"tags":[],"class_list":["post-198736","post","type-post","status-publish","format-standard","has-post-thumbnail","hentry","category-politica"],"_links":{"self":[{"href":"https:\/\/corrientesdetarde.com\/index.php\/wp-json\/wp\/v2\/posts\/198736","targetHints":{"allow":["GET"]}}],"collection":[{"href":"https:\/\/corrientesdetarde.com\/index.php\/wp-json\/wp\/v2\/posts"}],"about":[{"href":"https:\/\/corrientesdetarde.com\/index.php\/wp-json\/wp\/v2\/types\/post"}],"author":[{"embeddable":true,"href":"https:\/\/corrientesdetarde.com\/index.php\/wp-json\/wp\/v2\/users\/4"}],"replies":[{"embeddable":true,"href":"https:\/\/corrientesdetarde.com\/index.php\/wp-json\/wp\/v2\/comments?post=198736"}],"version-history":[{"count":1,"href":"https:\/\/corrientesdetarde.com\/index.php\/wp-json\/wp\/v2\/posts\/198736\/revisions"}],"predecessor-version":[{"id":198738,"href":"https:\/\/corrientesdetarde.com\/index.php\/wp-json\/wp\/v2\/posts\/198736\/revisions\/198738"}],"wp:featuredmedia":[{"embeddable":true,"href":"https:\/\/corrientesdetarde.com\/index.php\/wp-json\/wp\/v2\/media\/198737"}],"wp:attachment":[{"href":"https:\/\/corrientesdetarde.com\/index.php\/wp-json\/wp\/v2\/media?parent=198736"}],"wp:term":[{"taxonomy":"category","embeddable":true,"href":"https:\/\/corrientesdetarde.com\/index.php\/wp-json\/wp\/v2\/categories?post=198736"},{"taxonomy":"post_tag","embeddable":true,"href":"https:\/\/corrientesdetarde.com\/index.php\/wp-json\/wp\/v2\/tags?post=198736"}],"curies":[{"name":"wp","href":"https:\/\/api.w.org\/{rel}","templated":true}]}}