{"id":198768,"date":"2025-03-26T08:03:31","date_gmt":"2025-03-26T11:03:31","guid":{"rendered":"https:\/\/corrientesdetarde.com\/?p=198768"},"modified":"2025-03-26T08:03:50","modified_gmt":"2025-03-26T11:03:50","slug":"conferencia-de-giancarlo-perversi","status":"publish","type":"post","link":"https:\/\/corrientesdetarde.com\/index.php\/eventos\/conferencia-de-giancarlo-perversi\/","title":{"rendered":"CONFERENCIA DE GIANCARLO PERVERSI: Braillard Poccard destac\u00f3 la discusi\u00f3n y reflexi\u00f3n cultural sobre Dante Alighieri"},"content":{"rendered":"\n<p>Braillard Poccard destac\u00f3 la discusi\u00f3n y reflexi\u00f3n cultural sobre Dante Alighieri<\/p>\n\n\n\n<p>El vicegobernador de la Provincia de Corrientes, Pedro Braillard Poccard, particip\u00f3 de la conferencia brindada por el presidente de la Sociedad Dante Alighieri de Corrientes, Dr. Giancarlo Perversi. El evento, centrado en la jurisprudencia y la literatura, tuvo lugar en el edificio de la Facultad de Derecho, ubicado en Salta 459.<\/p>\n\n\n\n<p>Tras entregar la declaraci\u00f3n de inter\u00e9s de la C\u00e1mara de Senadores de la provincia a la conferencia denominada &#8220;Dante Alighieri.<br>Literatura y Derecho&#8221;, el vicegobernador destac\u00f3 la importancia de este tipo de encuentros para el enriquecimiento cultural de la provincia y expres\u00f3 su agradecimiento al Dr. Perversi por su constante compromiso con la comunidad.<\/p>\n\n\n\n<figure class=\"wp-block-image size-large\"><img loading=\"lazy\" decoding=\"async\" width=\"1024\" height=\"682\" src=\"https:\/\/corrientesdetarde.com\/wp-content\/uploads\/2025\/03\/Imagen-de-WhatsApp-2025-03-26-a-las-08.02.12_95ee1764-1024x682.jpg\" alt=\"\" class=\"wp-image-198777\" srcset=\"https:\/\/corrientesdetarde.com\/wp-content\/uploads\/2025\/03\/Imagen-de-WhatsApp-2025-03-26-a-las-08.02.12_95ee1764-1024x682.jpg 1024w, https:\/\/corrientesdetarde.com\/wp-content\/uploads\/2025\/03\/Imagen-de-WhatsApp-2025-03-26-a-las-08.02.12_95ee1764-300x200.jpg 300w, https:\/\/corrientesdetarde.com\/wp-content\/uploads\/2025\/03\/Imagen-de-WhatsApp-2025-03-26-a-las-08.02.12_95ee1764-768x512.jpg 768w, https:\/\/corrientesdetarde.com\/wp-content\/uploads\/2025\/03\/Imagen-de-WhatsApp-2025-03-26-a-las-08.02.12_95ee1764.jpg 1280w\" sizes=\"auto, (max-width: 1024px) 100vw, 1024px\" \/><\/figure>\n\n\n\n<p>En sus palabras, Braillard Poccard dijo: \u201cSolamente quiero agradecerle la difusi\u00f3n y la reflexi\u00f3n cultural. Se da la particularidad de que no tengo sangre italiana, no tengo ascendencia, pero ahora mi \u00fanico nieto ya es ciudadano italiano. Agradecerle a Giancarlo porque siempre est\u00e1 con inquietudes tratando de volcar cosas positivas para Corrientes. Desde el acuerdo que hicimos con la C\u00e1mara de Comercio Argentino-Italiana, que firm\u00f3 la provincia de Corrientes. As\u00ed que Giancarlo, gracias. Y ahora vamos a lo m\u00e1s importante que es la conferencia\u201d.<\/p>\n\n\n\n<p>Por su parte, el Dr. Giancarlo Perversi dirigi\u00f3 unas palabras a los asistentes, tanto a quienes participaron presencialmente como a quienes siguieron la conferencia de manera virtual. Resalt\u00f3 la importancia del apoyo institucional y el compromiso de la provincia con la promoci\u00f3n de la cultura italiana en Corrientes. En este sentido, mencion\u00f3: \u201cUn agradecimiento particular a la provincia de Corrientes por la paciencia que tiene con la Sociedad Dante Alighieri. En el momento en el cual el deseo de hacer cosas para la Dante, para la italianidad y para la provincia de Corrientes en todo lo que sea posible, inevitablemente toc\u00f3 la puerta del Vicegobernador. De las cosas que la Dante pudo realizar en estos a\u00f1os se debe seguramente a la amistad, al acompa\u00f1amiento del socio Pedro Braillard Poccard, un est\u00edmulo para esforzarnos m\u00e1s, dedicarnos m\u00e1s y devolver todo lo que se pueda a este pa\u00eds que con tanta generosidad y amistad nos ha permitido hablar de las cosas que nos gusta hablar\u201d.<\/p>\n\n\n\n<p>Cabe destacar que el Senado de la Provincia de Corrientes declar\u00f3 de inter\u00e9s la conferencia &#8220;Dante Alighieri y Literatura y Derecho&#8221;, dictada por el Dr. Giancarlo Perversi, presidente de la Societ\u00e0 Dante Alighieri de Corrientes. La charla se desarroll\u00f3 en un contexto especial, en el que se est\u00e1n lanzando cursos destinados a viajantes y peregrinos en el marco del Jubileo, una celebraci\u00f3n espiritual convocada por la Iglesia para conmemorar un evento significativo.<\/p>\n\n\n\n<p>El Dr. Perversi, nacido en Roccaraso, regi\u00f3n de Abruzzo, reside en la capital provincial desde fines de los a\u00f1os 90 y ha sido un firme impulsor de la cultura italiana en Corrientes, consolidando lazos entre Italia y Argentina a trav\u00e9s de diversas iniciativas culturales y acad\u00e9micas.<\/p>\n\n\n\n<figure class=\"wp-block-image size-large\"><img loading=\"lazy\" decoding=\"async\" width=\"1024\" height=\"682\" src=\"https:\/\/corrientesdetarde.com\/wp-content\/uploads\/2025\/03\/Imagen-de-WhatsApp-2025-03-26-a-las-08.02.12_b0c77ff8-1024x682.jpg\" alt=\"\" class=\"wp-image-198776\" srcset=\"https:\/\/corrientesdetarde.com\/wp-content\/uploads\/2025\/03\/Imagen-de-WhatsApp-2025-03-26-a-las-08.02.12_b0c77ff8-1024x682.jpg 1024w, https:\/\/corrientesdetarde.com\/wp-content\/uploads\/2025\/03\/Imagen-de-WhatsApp-2025-03-26-a-las-08.02.12_b0c77ff8-300x200.jpg 300w, https:\/\/corrientesdetarde.com\/wp-content\/uploads\/2025\/03\/Imagen-de-WhatsApp-2025-03-26-a-las-08.02.12_b0c77ff8-768x512.jpg 768w, https:\/\/corrientesdetarde.com\/wp-content\/uploads\/2025\/03\/Imagen-de-WhatsApp-2025-03-26-a-las-08.02.12_b0c77ff8.jpg 1280w\" sizes=\"auto, (max-width: 1024px) 100vw, 1024px\" \/><\/figure>\n\n\n\n<figure class=\"wp-block-image size-large\"><img loading=\"lazy\" decoding=\"async\" width=\"1024\" height=\"682\" src=\"https:\/\/corrientesdetarde.com\/wp-content\/uploads\/2025\/03\/Imagen-de-WhatsApp-2025-03-26-a-las-08.02.11_de271366-1024x682.jpg\" alt=\"\" class=\"wp-image-198774\" srcset=\"https:\/\/corrientesdetarde.com\/wp-content\/uploads\/2025\/03\/Imagen-de-WhatsApp-2025-03-26-a-las-08.02.11_de271366-1024x682.jpg 1024w, https:\/\/corrientesdetarde.com\/wp-content\/uploads\/2025\/03\/Imagen-de-WhatsApp-2025-03-26-a-las-08.02.11_de271366-300x200.jpg 300w, https:\/\/corrientesdetarde.com\/wp-content\/uploads\/2025\/03\/Imagen-de-WhatsApp-2025-03-26-a-las-08.02.11_de271366-768x512.jpg 768w, https:\/\/corrientesdetarde.com\/wp-content\/uploads\/2025\/03\/Imagen-de-WhatsApp-2025-03-26-a-las-08.02.11_de271366.jpg 1280w\" sizes=\"auto, (max-width: 1024px) 100vw, 1024px\" \/><\/figure>\n","protected":false},"excerpt":{"rendered":"<p>Braillard Poccard destac\u00f3 la discusi\u00f3n y reflexi\u00f3n cultural sobre Dante Alighieri El vicegobernador de la Provincia de Corrientes, Pedro Braillard Poccard, particip\u00f3 de la conferencia brindada por el presidente de&hellip; <\/p>\n","protected":false},"author":1,"featured_media":198775,"comment_status":"closed","ping_status":"open","sticky":false,"template":"","format":"standard","meta":{"footnotes":""},"categories":[22],"tags":[],"class_list":["post-198768","post","type-post","status-publish","format-standard","has-post-thumbnail","hentry","category-eventos"],"_links":{"self":[{"href":"https:\/\/corrientesdetarde.com\/index.php\/wp-json\/wp\/v2\/posts\/198768","targetHints":{"allow":["GET"]}}],"collection":[{"href":"https:\/\/corrientesdetarde.com\/index.php\/wp-json\/wp\/v2\/posts"}],"about":[{"href":"https:\/\/corrientesdetarde.com\/index.php\/wp-json\/wp\/v2\/types\/post"}],"author":[{"embeddable":true,"href":"https:\/\/corrientesdetarde.com\/index.php\/wp-json\/wp\/v2\/users\/1"}],"replies":[{"embeddable":true,"href":"https:\/\/corrientesdetarde.com\/index.php\/wp-json\/wp\/v2\/comments?post=198768"}],"version-history":[{"count":2,"href":"https:\/\/corrientesdetarde.com\/index.php\/wp-json\/wp\/v2\/posts\/198768\/revisions"}],"predecessor-version":[{"id":198779,"href":"https:\/\/corrientesdetarde.com\/index.php\/wp-json\/wp\/v2\/posts\/198768\/revisions\/198779"}],"wp:featuredmedia":[{"embeddable":true,"href":"https:\/\/corrientesdetarde.com\/index.php\/wp-json\/wp\/v2\/media\/198775"}],"wp:attachment":[{"href":"https:\/\/corrientesdetarde.com\/index.php\/wp-json\/wp\/v2\/media?parent=198768"}],"wp:term":[{"taxonomy":"category","embeddable":true,"href":"https:\/\/corrientesdetarde.com\/index.php\/wp-json\/wp\/v2\/categories?post=198768"},{"taxonomy":"post_tag","embeddable":true,"href":"https:\/\/corrientesdetarde.com\/index.php\/wp-json\/wp\/v2\/tags?post=198768"}],"curies":[{"name":"wp","href":"https:\/\/api.w.org\/{rel}","templated":true}]}}