{"id":198769,"date":"2025-03-26T08:01:51","date_gmt":"2025-03-26T11:01:51","guid":{"rendered":"https:\/\/corrientesdetarde.com\/?p=198769"},"modified":"2025-03-26T08:34:41","modified_gmt":"2025-03-26T11:34:41","slug":"incertidumbre-por-el-cierre-de-la-delegacion-de-arca-en-goya","status":"publish","type":"post","link":"https:\/\/corrientesdetarde.com\/index.php\/informacion-general\/incertidumbre-por-el-cierre-de-la-delegacion-de-arca-en-goya\/","title":{"rendered":"Incertidumbre por el cierre de la delegaci\u00f3n de Arca en Goya"},"content":{"rendered":"\n<p>El gobierno de Javier Milei tom\u00f3 la decisi\u00f3n de&nbsp;<strong>cerrar la delegaci\u00f3n de la Agencia de Recaudaci\u00f3n y Control Aduanero (Arca) en la ciudad correntina de Goya<\/strong>, informaron&nbsp;este martes fuentes gremiales.&nbsp;<\/p>\n\n\n\n<p>La medida adoptada&nbsp;<strong>afecta a 14&nbsp;trabajadores<\/strong>&nbsp;que se desempe\u00f1an en las instalaciones ubicadas en la intersecci\u00f3n de las calles Mariano I. Loza y Col\u00f3n.&nbsp;En el pa\u00eds,&nbsp;<strong>son 38 dependencias que se cierran y que afectan a m\u00e1s de 600&nbsp;familias.&nbsp;<\/strong><\/p>\n\n\n\n<p>El secretario adjunto de la Asociaci\u00f3n de Empleados Fiscales e Ingresos P\u00fablicos (Aefip),&nbsp;Dar\u00edo Pinkala, sostuvo a este medio que&nbsp;<strong>&#8220;los empleados del Distrito, en principio se los ubicar\u00e1, aunque queda a 230 kil\u00f3metros la dependencia m\u00e1s cercana: Corrientes Capital&#8221;.<\/strong><\/p>\n\n\n\n<p>&#8220;Si bien varios&nbsp;<strong>compa\u00f1eros se jubilaron<\/strong>, estando en condiciones, otros se adhirieron a un retiro anticipado&#8221;, explic\u00f3.&nbsp;<\/p>\n\n\n\n<p>En ese sentido, Pinkala sostuvo que &#8220;es mucha la presi\u00f3n,&nbsp;<strong>un mal ambiente laboral, lamentablemente optan por retirarse<\/strong>. La mayor\u00eda son&nbsp;<strong>profesionales<\/strong>, incluso con dos t\u00edtulos,, preparados por el Organismos durante a\u00f1os (el ARCA, y sus sindicatos, AEFIP en el caso de DGI, y SUPARA en el caso de Aduanas, de destacan por la constante capacitaci\u00f3n para &#8220;este lado del mostrador&#8221;&#8221;.&nbsp;<\/p>\n\n\n\n<p>Adem\u00e1s, sostuvo que n<strong>o se realizan despidos &#8220;porque tenemos un Convenio Colectivo que lo impide y una Cautelar presentada en la justicia&#8221; y agreg\u00f3 que har\u00e1n &#8220;presentaci\u00f3n legal&#8221;.&nbsp;<\/strong><\/p>\n\n\n\n<p>Por otra parte,&nbsp;<strong>se refiri\u00f3 al posible remate del edificio<\/strong>. &#8220;En el caso de Goya espec\u00edficamente, no se entiende.&nbsp;El edificio es del Arca, el gasto no es m\u00e1s que los servicios: Agua, luz y electricidad, evidentemente quieren beneficiar a alguien con el inmueble&#8221;.<\/p>\n\n\n\n<p>&#8220;Ahora, con el cierre, se gasta m\u00e1s, incluso: en vi\u00e1ticos, veh\u00edculos, movilidad del personal&#8221;, sostuvo.<\/p>\n\n\n\n<p>Por \u00faltimo el secretario adjunto de Aefip dijo que&nbsp;<strong>&#8220;con el cierre del Distrito de Goya, los goyanos y de los dem\u00e1s ciudades de la zona, deber\u00e1n hacer sus tr\u00e1mites personales en Capital&#8221;.<\/strong><\/p>\n\n\n\n<p><strong>FECHA L\u00cdMITE<\/strong><\/p>\n\n\n\n<p><strong>Se pudo saber que el plazo para el cierre de Arca (ex Afip) es el 18 de abril.<\/strong>&nbsp;Fuentes consultadas por este medio se\u00f1alaron que por el momento los trabajadores no fueron notificados.&nbsp;<\/p>\n\n\n\n<p>&#8220;Desarmaron las dependencias, pero hasta el momento no hay notificaci\u00f3n alguna a los afectados, a qu\u00e9 tarea, o a qu\u00e9&nbsp;dependencia deben presentarse, el d\u00eda 19 de abril&#8221;. indicaron las mismas fuentes.&nbsp;<\/p>\n\n\n\n<p><\/p>\n","protected":false},"excerpt":{"rendered":"<p>El gobierno de Javier Milei tom\u00f3 la decisi\u00f3n de&nbsp;cerrar la delegaci\u00f3n de la Agencia de Recaudaci\u00f3n y Control Aduanero (Arca) en la ciudad correntina de Goya, informaron&nbsp;este martes fuentes gremiales.&nbsp;&hellip; <\/p>\n","protected":false},"author":1,"featured_media":198783,"comment_status":"closed","ping_status":"open","sticky":false,"template":"","format":"standard","meta":{"footnotes":""},"categories":[1],"tags":[],"class_list":["post-198769","post","type-post","status-publish","format-standard","has-post-thumbnail","hentry","category-informacion-general"],"_links":{"self":[{"href":"https:\/\/corrientesdetarde.com\/index.php\/wp-json\/wp\/v2\/posts\/198769","targetHints":{"allow":["GET"]}}],"collection":[{"href":"https:\/\/corrientesdetarde.com\/index.php\/wp-json\/wp\/v2\/posts"}],"about":[{"href":"https:\/\/corrientesdetarde.com\/index.php\/wp-json\/wp\/v2\/types\/post"}],"author":[{"embeddable":true,"href":"https:\/\/corrientesdetarde.com\/index.php\/wp-json\/wp\/v2\/users\/1"}],"replies":[{"embeddable":true,"href":"https:\/\/corrientesdetarde.com\/index.php\/wp-json\/wp\/v2\/comments?post=198769"}],"version-history":[{"count":2,"href":"https:\/\/corrientesdetarde.com\/index.php\/wp-json\/wp\/v2\/posts\/198769\/revisions"}],"predecessor-version":[{"id":198784,"href":"https:\/\/corrientesdetarde.com\/index.php\/wp-json\/wp\/v2\/posts\/198769\/revisions\/198784"}],"wp:featuredmedia":[{"embeddable":true,"href":"https:\/\/corrientesdetarde.com\/index.php\/wp-json\/wp\/v2\/media\/198783"}],"wp:attachment":[{"href":"https:\/\/corrientesdetarde.com\/index.php\/wp-json\/wp\/v2\/media?parent=198769"}],"wp:term":[{"taxonomy":"category","embeddable":true,"href":"https:\/\/corrientesdetarde.com\/index.php\/wp-json\/wp\/v2\/categories?post=198769"},{"taxonomy":"post_tag","embeddable":true,"href":"https:\/\/corrientesdetarde.com\/index.php\/wp-json\/wp\/v2\/tags?post=198769"}],"curies":[{"name":"wp","href":"https:\/\/api.w.org\/{rel}","templated":true}]}}