{"id":198770,"date":"2025-03-26T07:58:55","date_gmt":"2025-03-26T10:58:55","guid":{"rendered":"https:\/\/corrientesdetarde.com\/?p=198770"},"modified":"2025-03-26T07:58:59","modified_gmt":"2025-03-26T10:58:59","slug":"crimen-en-lavalle-allanaron-la-finca-e-incautaron-un-trozo-de-madera","status":"publish","type":"post","link":"https:\/\/corrientesdetarde.com\/index.php\/policiales\/crimen-en-lavalle-allanaron-la-finca-e-incautaron-un-trozo-de-madera\/","title":{"rendered":"Crimen en Lavalle: allanaron la finca e incautaron un trozo de madera"},"content":{"rendered":"\n<p>Este martes, allanaron la tomatera del paraje La Bolsa, en Lavalle, en el marco de la investigaci\u00f3n de la muerte de un joven de 26 a\u00f1os, donde secuestraron, entre otras cosas, un trozo de madera que se cree guardar\u00eda relaci\u00f3n con el homicicio.<\/p>\n\n\n\n<p><\/p>\n\n\n\n<p><br>La Fiscal\u00eda en turno busca conocer la verdad en torno a la tragedia donde perdi\u00f3 la vida una persona de apellido Ojeda, que fue golpeada en la cabeza y otras partes del cuerpo, en circunstancias que a\u00fan no fueron bien esclarecidas. En el allanamiento tambi\u00e9n se llevaron a cabo varias pericias en el lugar donde aseguran apareci\u00f3 el cuerpo.<\/p>\n\n\n\n<p><br>En ese maro, esperan los resultados de la autopsia m\u00e9dico-legal que arrojar\u00eda luz sobre varios detalles, como por ejemplo la hora del deceso.<\/p>\n\n\n\n<p><br>En la tomatera, los productores habr\u00edan declarado que hallaron a la v\u00edctima muy lastimada al lado de una precaria casilla que era usada como refugio o de permanencia provisoria. Aseguraron adem\u00e1s, que a\u00fan estaba con vida cuando lo encontraron muy golpeado y por eso lo trasladaron de urgencia en una camioneta hacia el hospital de Santa Luc\u00eda.<\/p>\n\n\n\n<p><br>La Justicia, en principio dispuso la demora de dos personas, una de ellas el hijo del due\u00f1o de la tomatera.<\/p>\n","protected":false},"excerpt":{"rendered":"<p>Este martes, allanaron la tomatera del paraje La Bolsa, en Lavalle, en el marco de la investigaci\u00f3n de la muerte de un joven de 26 a\u00f1os, donde secuestraron, entre otras&hellip; <\/p>\n","protected":false},"author":1,"featured_media":198771,"comment_status":"closed","ping_status":"open","sticky":false,"template":"","format":"standard","meta":{"footnotes":""},"categories":[33],"tags":[],"class_list":["post-198770","post","type-post","status-publish","format-standard","has-post-thumbnail","hentry","category-policiales"],"_links":{"self":[{"href":"https:\/\/corrientesdetarde.com\/index.php\/wp-json\/wp\/v2\/posts\/198770","targetHints":{"allow":["GET"]}}],"collection":[{"href":"https:\/\/corrientesdetarde.com\/index.php\/wp-json\/wp\/v2\/posts"}],"about":[{"href":"https:\/\/corrientesdetarde.com\/index.php\/wp-json\/wp\/v2\/types\/post"}],"author":[{"embeddable":true,"href":"https:\/\/corrientesdetarde.com\/index.php\/wp-json\/wp\/v2\/users\/1"}],"replies":[{"embeddable":true,"href":"https:\/\/corrientesdetarde.com\/index.php\/wp-json\/wp\/v2\/comments?post=198770"}],"version-history":[{"count":1,"href":"https:\/\/corrientesdetarde.com\/index.php\/wp-json\/wp\/v2\/posts\/198770\/revisions"}],"predecessor-version":[{"id":198772,"href":"https:\/\/corrientesdetarde.com\/index.php\/wp-json\/wp\/v2\/posts\/198770\/revisions\/198772"}],"wp:featuredmedia":[{"embeddable":true,"href":"https:\/\/corrientesdetarde.com\/index.php\/wp-json\/wp\/v2\/media\/198771"}],"wp:attachment":[{"href":"https:\/\/corrientesdetarde.com\/index.php\/wp-json\/wp\/v2\/media?parent=198770"}],"wp:term":[{"taxonomy":"category","embeddable":true,"href":"https:\/\/corrientesdetarde.com\/index.php\/wp-json\/wp\/v2\/categories?post=198770"},{"taxonomy":"post_tag","embeddable":true,"href":"https:\/\/corrientesdetarde.com\/index.php\/wp-json\/wp\/v2\/tags?post=198770"}],"curies":[{"name":"wp","href":"https:\/\/api.w.org\/{rel}","templated":true}]}}