{"id":198780,"date":"2025-03-26T08:50:32","date_gmt":"2025-03-26T11:50:32","guid":{"rendered":"https:\/\/corrientesdetarde.com\/?p=198780"},"modified":"2025-03-26T08:50:36","modified_gmt":"2025-03-26T11:50:36","slug":"liberan-a-mini-una-yaguarete-del-ibera-en-parque-nacional-el-impenetrable","status":"publish","type":"post","link":"https:\/\/corrientesdetarde.com\/index.php\/medio-ambiente\/liberan-a-mini-una-yaguarete-del-ibera-en-parque-nacional-el-impenetrable\/","title":{"rendered":"Liberan a &#8220;Min\u00ed&#8221;, una yaguaret\u00e9 del Iber\u00e1, en Parque Nacional El Impenetrable"},"content":{"rendered":"\n<p>La Administraci\u00f3n de Parques Nacionales (APN) y la Fundaci\u00f3n Rewilding Argentina concretaron este lunes en el Parque Nacional El Impenetrable la liberaci\u00f3n de Min\u00ed, una yaguaret\u00e9 nacida en libertad en el Parque Nacional Iber\u00e1 que se une a otras dos hembras liberadas en el \u00e1rea protegida para aportar a la recuperaci\u00f3n de la especie en el Gran Chaco.<\/p>\n\n\n\n<p>Se trata de la primera liberaci\u00f3n de un jaguar nacido en estado salvaje y translocado con fines de conservaci\u00f3n en el mundo. En los \u00faltimos a\u00f1os se pudo confirmar la presencia de menos de diez yaguaret\u00e9s sobrevivientes en el Gran Chaco argentino, que tiene una extensi\u00f3n de un mill\u00f3n de kil\u00f3metros cuadrados, y todos eran machos, por lo que estas acciones traen esperanzas a la poblaci\u00f3n chaque\u00f1a de la especie.<\/p>\n\n\n\n<p>Los esfuerzos para suplementar la poblaci\u00f3n de yaguaret\u00e9s en el Parque Nacional El Impenetrable comenzaron en 2018, cuando un guardaparque descubri\u00f3 las huellas de un macho solitario. El individuo fue llamado Qaramta y se le coloc\u00f3 un collar con transmisor GPS para iniciar su monitoreo. Tras este paso y ante la falta de hembras registradas en la regi\u00f3n, se logr\u00f3 por primera vez en el mundo la cruza de un gran felino silvestre con otro de cautiverio. Qaramta se apare\u00f3 con hembras cautivas tra\u00eddas desde el Centro de Reintroducci\u00f3n de Yaguaret\u00e9s del Parque Iber\u00e1, concibiendo cachorros con fines de ser liberados en la naturaleza. Luego, probablemente atra\u00eddos por la presencia de hembras, llegaron otros machos silvestres, los cuales fueron llamados Tewuk y Ta\u00f1h\u00ed Wuk. Sin embargo, la falta de registros de hembras silvestres por m\u00e1s de 35 a\u00f1os en la zona dificultaba la recuperaci\u00f3n de la especie por sus propios medios.<\/p>\n\n\n\n<p>Para revertir esta situaci\u00f3n, en 2024 la Administraci\u00f3n de Parques Nacionales, Rewilding Argentina y la provincia del Chaco lograron liberar en el Parque Nacional El Impenetrable a dos yaguaret\u00e9s hembras, una nacida en cautiverio -hija de Qaramta- y la otra rescatada en Paraguay.<\/p>\n\n\n\n<p>En Argentina se estima que quedan menos de 200 yaguaret\u00e9s en poblaciones fragmentadas. En este sentido, el presidente de la APN, Cristian Larsen, declar\u00f3: \u201cCon la liberaci\u00f3n de Min\u00ed marcamos otro hito en la historia de la conservaci\u00f3n del yaguaret\u00e9, poniendo todos nuestros esfuerzos para protegerlos de su extinci\u00f3n. En conjunto con la Fundaci\u00f3n Rewilding Argentina, trabajamos para lograr la reintroducci\u00f3n de especies en lugares donde estaban extintos y protegemos la biodiversidad a trav\u00e9s de una gesti\u00f3n activa que combina protecci\u00f3n, restauraci\u00f3n, reintroducci\u00f3n y suplementaci\u00f3n de flora y fauna en nuestros Parques Nacionales. Cada paso que damos nos llena de orgullo y renueva nuestro compromiso\u201d.<\/p>\n\n\n\n<p>Seg\u00fan Sebasti\u00e1n Di Martino, director de Conservaci\u00f3n de Rewilding Argentina, &#8220;Sabemos que algunos yaguaret\u00e9s machos silvestres siguen sobreviviendo en lugares aislados del norte de Argentina pero necesitan hembras, diversidad gen\u00e9tica y conectividad para prosperar&#8221;. Adem\u00e1s, agreg\u00f3: &#8220;Esta acci\u00f3n ayudar\u00e1 a transformar una poblaci\u00f3n casi extinguida en una poblaci\u00f3n reproductiva saludable y llamar\u00e1 la atenci\u00f3n sobre la necesidad de expandir las \u00e1reas protegidas para proporcionar un h\u00e1bitat seguro&#8221;.<\/p>\n\n\n\n<p><\/p>\n","protected":false},"excerpt":{"rendered":"<p>La Administraci\u00f3n de Parques Nacionales (APN) y la Fundaci\u00f3n Rewilding Argentina concretaron este lunes en el Parque Nacional El Impenetrable la liberaci\u00f3n de Min\u00ed, una yaguaret\u00e9 nacida en libertad en&hellip; <\/p>\n","protected":false},"author":1,"featured_media":198792,"comment_status":"closed","ping_status":"open","sticky":false,"template":"","format":"standard","meta":{"footnotes":""},"categories":[6],"tags":[],"class_list":["post-198780","post","type-post","status-publish","format-standard","has-post-thumbnail","hentry","category-medio-ambiente"],"_links":{"self":[{"href":"https:\/\/corrientesdetarde.com\/index.php\/wp-json\/wp\/v2\/posts\/198780","targetHints":{"allow":["GET"]}}],"collection":[{"href":"https:\/\/corrientesdetarde.com\/index.php\/wp-json\/wp\/v2\/posts"}],"about":[{"href":"https:\/\/corrientesdetarde.com\/index.php\/wp-json\/wp\/v2\/types\/post"}],"author":[{"embeddable":true,"href":"https:\/\/corrientesdetarde.com\/index.php\/wp-json\/wp\/v2\/users\/1"}],"replies":[{"embeddable":true,"href":"https:\/\/corrientesdetarde.com\/index.php\/wp-json\/wp\/v2\/comments?post=198780"}],"version-history":[{"count":1,"href":"https:\/\/corrientesdetarde.com\/index.php\/wp-json\/wp\/v2\/posts\/198780\/revisions"}],"predecessor-version":[{"id":198793,"href":"https:\/\/corrientesdetarde.com\/index.php\/wp-json\/wp\/v2\/posts\/198780\/revisions\/198793"}],"wp:featuredmedia":[{"embeddable":true,"href":"https:\/\/corrientesdetarde.com\/index.php\/wp-json\/wp\/v2\/media\/198792"}],"wp:attachment":[{"href":"https:\/\/corrientesdetarde.com\/index.php\/wp-json\/wp\/v2\/media?parent=198780"}],"wp:term":[{"taxonomy":"category","embeddable":true,"href":"https:\/\/corrientesdetarde.com\/index.php\/wp-json\/wp\/v2\/categories?post=198780"},{"taxonomy":"post_tag","embeddable":true,"href":"https:\/\/corrientesdetarde.com\/index.php\/wp-json\/wp\/v2\/tags?post=198780"}],"curies":[{"name":"wp","href":"https:\/\/api.w.org\/{rel}","templated":true}]}}