{"id":198781,"date":"2025-03-26T08:49:22","date_gmt":"2025-03-26T11:49:22","guid":{"rendered":"https:\/\/corrientesdetarde.com\/?p=198781"},"modified":"2025-03-26T08:49:27","modified_gmt":"2025-03-26T11:49:27","slug":"un-matrimonio-de-corrientes-estuvo-secuestrado-en-un-frigorifico-de-polonia","status":"publish","type":"post","link":"https:\/\/corrientesdetarde.com\/index.php\/crimen-y-justicia\/un-matrimonio-de-corrientes-estuvo-secuestrado-en-un-frigorifico-de-polonia\/","title":{"rendered":"Un matrimonio de Corrientes estuvo secuestrado en un frigor\u00edfico de Polonia"},"content":{"rendered":"\n<p>El Subsecretario de DDHH de la Provincia, Manuel Cuevas, cont\u00f3 un hecho casi cinematogr\u00e1fico pero grav\u00edsimo del que fueron v\u00edctimas los integrantes de un matrimonio de correntinos.<\/p>\n\n\n\n<p><\/p>\n\n\n\n<p>Captados por una persona en Argentina, la pareja parti\u00f3 desde Ezeiza rumbo a Polonia, con la promesa de trabajo firme y paga en euros.<\/p>\n\n\n\n<p>Al llegar al pa\u00eds europeo -no se precis\u00f3 la ciudad- ambos fueron trasladados a un frigor\u00edfico porcino, donde compart\u00edan una habitaci\u00f3n con unas 20 personas de distintas nacionalidades (rusos, polacos, etc), y desde el principio comenzaron a notar anormalidades en la situaci\u00f3n, lejos obviamente de lo prometido.<\/p>\n\n\n\n<p>&#8220;Les hac\u00edan trabajar 18 horas por d\u00eda, y les daban de comer comida vencida. Vivieron un infierno&#8221;, cont\u00f3 Cuevas, en una entrevista brindada al programa La Tarde, conducido por Carlos Alonso.<\/p>\n\n\n\n<p>El funcionario cont\u00f3 que &#8220;luego de cuatro meses de angustia, aprovecharon que el sereno dorm\u00eda y escaparon de noche junto a otras seis personas. Luego fueron al consulado, y a trav\u00e9s de una fundaci\u00f3n lograron volver. Hoy estamos con ellos d\u00e1ndoles contenci\u00f3n y asesoramiento ya que volvieron con un da\u00f1o psicol\u00f3gico y emocional muy grande&#8221;<\/p>\n\n\n\n<p>Cuevas precis\u00f3 que tiene a su cargo el acompa\u00f1amiento de las v\u00edctimas de trata en Corrientes a partir de su cargo en el Ministerio de Justicia y DDHH.&nbsp;<\/p>\n","protected":false},"excerpt":{"rendered":"<p>El Subsecretario de DDHH de la Provincia, Manuel Cuevas, cont\u00f3 un hecho casi cinematogr\u00e1fico pero grav\u00edsimo del que fueron v\u00edctimas los integrantes de un matrimonio de correntinos. Captados por una&hellip; <\/p>\n","protected":false},"author":1,"featured_media":198790,"comment_status":"closed","ping_status":"open","sticky":false,"template":"","format":"standard","meta":{"footnotes":""},"categories":[5],"tags":[],"class_list":["post-198781","post","type-post","status-publish","format-standard","has-post-thumbnail","hentry","category-crimen-y-justicia"],"_links":{"self":[{"href":"https:\/\/corrientesdetarde.com\/index.php\/wp-json\/wp\/v2\/posts\/198781","targetHints":{"allow":["GET"]}}],"collection":[{"href":"https:\/\/corrientesdetarde.com\/index.php\/wp-json\/wp\/v2\/posts"}],"about":[{"href":"https:\/\/corrientesdetarde.com\/index.php\/wp-json\/wp\/v2\/types\/post"}],"author":[{"embeddable":true,"href":"https:\/\/corrientesdetarde.com\/index.php\/wp-json\/wp\/v2\/users\/1"}],"replies":[{"embeddable":true,"href":"https:\/\/corrientesdetarde.com\/index.php\/wp-json\/wp\/v2\/comments?post=198781"}],"version-history":[{"count":1,"href":"https:\/\/corrientesdetarde.com\/index.php\/wp-json\/wp\/v2\/posts\/198781\/revisions"}],"predecessor-version":[{"id":198791,"href":"https:\/\/corrientesdetarde.com\/index.php\/wp-json\/wp\/v2\/posts\/198781\/revisions\/198791"}],"wp:featuredmedia":[{"embeddable":true,"href":"https:\/\/corrientesdetarde.com\/index.php\/wp-json\/wp\/v2\/media\/198790"}],"wp:attachment":[{"href":"https:\/\/corrientesdetarde.com\/index.php\/wp-json\/wp\/v2\/media?parent=198781"}],"wp:term":[{"taxonomy":"category","embeddable":true,"href":"https:\/\/corrientesdetarde.com\/index.php\/wp-json\/wp\/v2\/categories?post=198781"},{"taxonomy":"post_tag","embeddable":true,"href":"https:\/\/corrientesdetarde.com\/index.php\/wp-json\/wp\/v2\/tags?post=198781"}],"curies":[{"name":"wp","href":"https:\/\/api.w.org\/{rel}","templated":true}]}}