{"id":198782,"date":"2025-03-26T08:42:22","date_gmt":"2025-03-26T11:42:22","guid":{"rendered":"https:\/\/corrientesdetarde.com\/?p=198782"},"modified":"2025-03-26T08:42:25","modified_gmt":"2025-03-26T11:42:25","slug":"dos-hombres-en-rina-a-cuchillazos-y-tiros-por-un-robo-de-hace-4-anos","status":"publish","type":"post","link":"https:\/\/corrientesdetarde.com\/index.php\/policiales\/dos-hombres-en-rina-a-cuchillazos-y-tiros-por-un-robo-de-hace-4-anos\/","title":{"rendered":"Dos hombres en ri\u00f1a a cuchillazos y tiros por un robo de hace 4 a\u00f1os"},"content":{"rendered":"\n<p>Dos hombres que mantienen problemas desde hace varios a\u00f1os protagonizaron una reyerta sangrienta en el capitalino barrio Irup\u00e9 y ambos resultaron heridos, uno de ellos de tres impactos de bala a quemarropa y el otro de un corte en el rostro.<\/p>\n\n\n\n<p><\/p>\n\n\n\n<p>La Polic\u00eda secuestr\u00f3 un cuchillo, un rev\u00f3lver y detuvo a los involucrados despu\u00e9s de que recibieran las respectivas curaciones en un hospital. Ninguno de los dos presenta lesiones que comprometan su vida, seg\u00fan explicaron ayer fuentes del caso.<\/p>\n\n\n\n<p>Ante las directivas emanadas desde la Unidad Fiscal de Investigaciones Concretas, a cargo de Ra\u00fal Pasetto, autoridades de la comisar\u00eda seccional Vigesimoprimera dieron curso a una pesquisa caratulada como una &#8220;supuesta tentativa de homicidio&#8221;.<\/p>\n\n\n<div class=\"wp-block-image\">\n<figure class=\"aligncenter is-resized\"><img decoding=\"async\" src=\"https:\/\/www.diarioepoca.com\/content\/bucket\/8\/1421298w380h263c.jpg.webp\" alt=\"\" style=\"width:752px;height:auto\"\/><figcaption class=\"wp-element-caption\">EL HOMBRE SE TOCA EL ROSTRO POR ENCIMA DE LA HERIDA CAUSADA CON UN BALAZO.<\/figcaption><\/figure>\n<\/div>\n\n\n<p>Datos suministrados explican que el lunes, alrededor de las 19:15, sucedi\u00f3 un encontronazo en la v\u00eda p\u00fablica entre las personas identificadas como Cristian Ram\u00f3n M., de 29 a\u00f1os, y Jorge M., de 53, ambos con antecedentes penales.<\/p>\n\n\n\n<p>De acuerdo a informaci\u00f3n extraoficial, Jorge M. aparentemente acusaba a Cristian ser el autor de un robo que habr\u00eda sucedido hace cuatro a\u00f1os y del que \u00e9l result\u00f3 como parte damnificada.<\/p>\n\n\n\n<p>Anteayer, los hombres que habr\u00edan dado continuidad a una confrontaci\u00f3n registrada previamente, volvieron a toparse de manera violenta en la intersecci\u00f3n de las calles Resoagli y Valdepe\u00f1as.<\/p>\n\n\n\n<p>Por un lado, Cristian M. empu\u00f1aba un arma blanca de considerable tama\u00f1o, con la cual alcanz\u00f3 a lesionar a su contrincante de un profundo tajo de varios cent\u00edmetros en el lado izquierdo de la cara.<\/p>\n\n\n\n<p>En tanto, Jorge M., seg\u00fan habr\u00eda establecido la Polic\u00eda, efectu\u00f3 disparos desde corta distancia con un arma de fuego calibre .22, al punto que tres de los proyectiles hicieron blanco en su blanco.<\/p>\n\n\n\n<p>El hombre de 29 a\u00f1os acusa impactos de bala en el p\u00f3mulo derecho, el brazo de igual lado y la restante herida sobre el hombro izquierdo.<\/p>\n\n\n\n<p>Los dos protagonistas del incidente debieron ser trasladados en forma separada hasta el \u00e1rea de emergencias del Hospital Escuela, donde luego recibieron la atenci\u00f3n m\u00e9dica necesaria.<\/p>\n\n\n\n<p>Una vez establecido que no corr\u00edan peligro de muerte quedaron detenidos a disposici\u00f3n de la Justicia.<\/p>\n\n\n\n<p>En el escenario de la pelea secuestraron las armas utilizadas, mientras vecinos del barrio segu\u00edan a la distancia el desenvolvimiento de las autoridades.<\/p>\n","protected":false},"excerpt":{"rendered":"<p>Dos hombres que mantienen problemas desde hace varios a\u00f1os protagonizaron una reyerta sangrienta en el capitalino barrio Irup\u00e9 y ambos resultaron heridos, uno de ellos de tres impactos de bala&hellip; <\/p>\n","protected":false},"author":1,"featured_media":198785,"comment_status":"closed","ping_status":"open","sticky":false,"template":"","format":"standard","meta":{"footnotes":""},"categories":[33],"tags":[],"class_list":["post-198782","post","type-post","status-publish","format-standard","has-post-thumbnail","hentry","category-policiales"],"_links":{"self":[{"href":"https:\/\/corrientesdetarde.com\/index.php\/wp-json\/wp\/v2\/posts\/198782","targetHints":{"allow":["GET"]}}],"collection":[{"href":"https:\/\/corrientesdetarde.com\/index.php\/wp-json\/wp\/v2\/posts"}],"about":[{"href":"https:\/\/corrientesdetarde.com\/index.php\/wp-json\/wp\/v2\/types\/post"}],"author":[{"embeddable":true,"href":"https:\/\/corrientesdetarde.com\/index.php\/wp-json\/wp\/v2\/users\/1"}],"replies":[{"embeddable":true,"href":"https:\/\/corrientesdetarde.com\/index.php\/wp-json\/wp\/v2\/comments?post=198782"}],"version-history":[{"count":1,"href":"https:\/\/corrientesdetarde.com\/index.php\/wp-json\/wp\/v2\/posts\/198782\/revisions"}],"predecessor-version":[{"id":198786,"href":"https:\/\/corrientesdetarde.com\/index.php\/wp-json\/wp\/v2\/posts\/198782\/revisions\/198786"}],"wp:featuredmedia":[{"embeddable":true,"href":"https:\/\/corrientesdetarde.com\/index.php\/wp-json\/wp\/v2\/media\/198785"}],"wp:attachment":[{"href":"https:\/\/corrientesdetarde.com\/index.php\/wp-json\/wp\/v2\/media?parent=198782"}],"wp:term":[{"taxonomy":"category","embeddable":true,"href":"https:\/\/corrientesdetarde.com\/index.php\/wp-json\/wp\/v2\/categories?post=198782"},{"taxonomy":"post_tag","embeddable":true,"href":"https:\/\/corrientesdetarde.com\/index.php\/wp-json\/wp\/v2\/tags?post=198782"}],"curies":[{"name":"wp","href":"https:\/\/api.w.org\/{rel}","templated":true}]}}