{"id":198816,"date":"2025-03-26T10:45:18","date_gmt":"2025-03-26T13:45:18","guid":{"rendered":"https:\/\/corrientesdetarde.com\/?p=198816"},"modified":"2025-03-26T10:45:21","modified_gmt":"2025-03-26T13:45:21","slug":"la-provincia-brinda-su-apoyo-en-el-dia-mundial-de-la-concientizacion-de-la-epilepsia","status":"publish","type":"post","link":"https:\/\/corrientesdetarde.com\/index.php\/bienestar-y-salud\/la-provincia-brinda-su-apoyo-en-el-dia-mundial-de-la-concientizacion-de-la-epilepsia\/","title":{"rendered":"La Provincia brinda su apoyo en el D\u00eda Mundial de la Concientizaci\u00f3n de la Epilepsia"},"content":{"rendered":"\n<p>En el D\u00eda Mundial de la Concientizaci\u00f3n de la Epilepsia, el Ministerio de Ciencia y Tecnolog\u00eda entreg\u00f3 este mi\u00e9rcoles pulseras con informaci\u00f3n sobre primeros auxilios a la Fundaci\u00f3n Caminos de Amor y Esperanza, como una forma de apoyar el trabajo diario de esta y difundirlo.<\/p>\n\n\n\n<p><\/p>\n\n\n\n<p>El acto tuvo lugar en la sede el ministerio, presidido por el ministro Jorge G\u00f3mez con el acompa\u00f1amiento de la subsecretaria de Coordinaci\u00f3n Institucional, Micaela Stefani Van Der Woerd y la titular de la Fundaci\u00f3n, Karina Esquivel.<\/p>\n\n\n\n<figure class=\"wp-block-image size-large\"><img loading=\"lazy\" decoding=\"async\" width=\"1024\" height=\"461\" src=\"https:\/\/corrientesdetarde.com\/wp-content\/uploads\/2025\/03\/image-1051-1024x461.png\" alt=\"\" class=\"wp-image-198826\" srcset=\"https:\/\/corrientesdetarde.com\/wp-content\/uploads\/2025\/03\/image-1051-1024x461.png 1024w, https:\/\/corrientesdetarde.com\/wp-content\/uploads\/2025\/03\/image-1051-300x135.png 300w, https:\/\/corrientesdetarde.com\/wp-content\/uploads\/2025\/03\/image-1051-768x346.png 768w, https:\/\/corrientesdetarde.com\/wp-content\/uploads\/2025\/03\/image-1051-1536x692.png 1536w, https:\/\/corrientesdetarde.com\/wp-content\/uploads\/2025\/03\/image-1051-2048x923.png 2048w\" sizes=\"auto, (max-width: 1024px) 100vw, 1024px\" \/><\/figure>\n\n\n\n<p>La epilepsia es una enfermedad cerebral cr\u00f3nica no transmisible que afecta a unos 50 millones de personas en todo el mundo. Se caracteriza por convulsiones recurrentes, que son episodios breves de movimiento involuntario que pueden involucrar una parte o todo el cuerpo y en ocasiones se acompa\u00f1an de p\u00e9rdida de conciencia y control de la funci\u00f3n intestinal o vesical.<\/p>\n\n\n\n<p>Alejo, un ni\u00f1o correntino que padece esta enfermedad, dise\u00f1o unas pulseras que exhiben un c\u00f3digo QR, que al escanearlo muestran indicaciones sobre c\u00f3mo actuar en casos de convulsiones, adem\u00e1s de un n\u00famero telef\u00f3nico de emergencia. Con esta idea, el Ministerio de Ciencia y Tecnolog\u00eda fabric\u00f3 las mismas y se las entreg\u00f3 a la fundaci\u00f3n para su distribuci\u00f3n.<\/p>\n\n\n\n<p>\u201cEs muy importante que todos estemos informados, y este es un aporte que hacemos para que quienes sufren esta enfermedad puedan ser r\u00e1pidamente atendidos por cualquier ciudadano\u201d, expres\u00f3 el ministro G\u00f3mez.<\/p>\n\n\n\n<p>Por su parte, Alejo indic\u00f3 que este d\u00eda \u201csiempre lo disfruto porque lo tomo como un d\u00eda m\u00e1s\u201d. \u201cTener epilepsia no es f\u00e1cil, es un constante aprendizaje, pero hago deporte y much\u00edsimas cosas, no es una barrera\u201d, agreg\u00f3.<\/p>\n\n\n\n<p>Tanto la fundaci\u00f3n como el ministerio acordaron seguir trabajando juntos con este tipo de proyectos y otros similares para diferentes patolog\u00edas<\/p>\n","protected":false},"excerpt":{"rendered":"<p>En el D\u00eda Mundial de la Concientizaci\u00f3n de la Epilepsia, el Ministerio de Ciencia y Tecnolog\u00eda entreg\u00f3 este mi\u00e9rcoles pulseras con informaci\u00f3n sobre primeros auxilios a la Fundaci\u00f3n Caminos de&hellip; <\/p>\n","protected":false},"author":1,"featured_media":198827,"comment_status":"closed","ping_status":"open","sticky":false,"template":"","format":"standard","meta":{"footnotes":""},"categories":[16],"tags":[],"class_list":["post-198816","post","type-post","status-publish","format-standard","has-post-thumbnail","hentry","category-bienestar-y-salud"],"_links":{"self":[{"href":"https:\/\/corrientesdetarde.com\/index.php\/wp-json\/wp\/v2\/posts\/198816","targetHints":{"allow":["GET"]}}],"collection":[{"href":"https:\/\/corrientesdetarde.com\/index.php\/wp-json\/wp\/v2\/posts"}],"about":[{"href":"https:\/\/corrientesdetarde.com\/index.php\/wp-json\/wp\/v2\/types\/post"}],"author":[{"embeddable":true,"href":"https:\/\/corrientesdetarde.com\/index.php\/wp-json\/wp\/v2\/users\/1"}],"replies":[{"embeddable":true,"href":"https:\/\/corrientesdetarde.com\/index.php\/wp-json\/wp\/v2\/comments?post=198816"}],"version-history":[{"count":1,"href":"https:\/\/corrientesdetarde.com\/index.php\/wp-json\/wp\/v2\/posts\/198816\/revisions"}],"predecessor-version":[{"id":198828,"href":"https:\/\/corrientesdetarde.com\/index.php\/wp-json\/wp\/v2\/posts\/198816\/revisions\/198828"}],"wp:featuredmedia":[{"embeddable":true,"href":"https:\/\/corrientesdetarde.com\/index.php\/wp-json\/wp\/v2\/media\/198827"}],"wp:attachment":[{"href":"https:\/\/corrientesdetarde.com\/index.php\/wp-json\/wp\/v2\/media?parent=198816"}],"wp:term":[{"taxonomy":"category","embeddable":true,"href":"https:\/\/corrientesdetarde.com\/index.php\/wp-json\/wp\/v2\/categories?post=198816"},{"taxonomy":"post_tag","embeddable":true,"href":"https:\/\/corrientesdetarde.com\/index.php\/wp-json\/wp\/v2\/tags?post=198816"}],"curies":[{"name":"wp","href":"https:\/\/api.w.org\/{rel}","templated":true}]}}