{"id":198817,"date":"2025-03-26T10:43:58","date_gmt":"2025-03-26T13:43:58","guid":{"rendered":"https:\/\/corrientesdetarde.com\/?p=198817"},"modified":"2025-03-26T10:44:03","modified_gmt":"2025-03-26T13:44:03","slug":"mas-de-3-000-familias-ya-se-beneficiaroncon-los-trabajos-de-cloaca-social-en-la-ciudad","status":"publish","type":"post","link":"https:\/\/corrientesdetarde.com\/index.php\/sociales\/mas-de-3-000-familias-ya-se-beneficiaroncon-los-trabajos-de-cloaca-social-en-la-ciudad\/","title":{"rendered":"M\u00e1s de 3.000 familias ya se beneficiaroncon los trabajos de cloaca social en la ciudad"},"content":{"rendered":"\n<p><em>En la gesti\u00f3n municipal del intendente Eduardo Tassano se llevan realizados 32.000 metros lineales de esta obra fundamental para mejorar la calidad de vida de los vecinos. En total, ya se intervinieron 43 barrios, y actualmente los trabajos se realizan en el Jard\u00edn y Dr. Monta\u00f1a. &nbsp;<\/em><\/p>\n\n\n\n<p>Las obras del programa Cloaca Social que lleva adelante la gesti\u00f3n del intendente capitalino, Eduardo Tassano, ya beneficiaron a m\u00e1s de 3.000 familias, producto de conexiones domiciliarias realizadas en 43 barrios de la ciudad, a trav\u00e9s de un trabajo mancomunado entre la Municipalidad y los vecinos.<br><br>El secretario de Infraestructura municipal, Math\u00edas Cabrera, destac\u00f3: \u201cEn lo que va de la gesti\u00f3n del intendente Eduardo Tassano llevamos m\u00e1s de 32.000 metros lineales de cloaca en la ciudad, con m\u00e1s de 3.000 conexiones, lo que representa un n\u00famero similar de familias beneficiadas, lo cual demuestra que este sistema de trabajo con los vecinos es un \u00e9xito\u201d.<\/p>\n\n\n\n<figure class=\"wp-block-embed is-type-video is-provider-youtube wp-block-embed-youtube wp-embed-aspect-16-9 wp-has-aspect-ratio\"><div class=\"wp-block-embed__wrapper\">\n<iframe loading=\"lazy\" title=\"M\u00e1s de 3.000 familias ya se beneficiaron con los trabajos de cloaca social en la ciudad\" width=\"1110\" height=\"624\" src=\"https:\/\/www.youtube.com\/embed\/7IPfAeVcdos?feature=oembed\" frameborder=\"0\" allow=\"accelerometer; autoplay; clipboard-write; encrypted-media; gyroscope; picture-in-picture; web-share\" referrerpolicy=\"strict-origin-when-cross-origin\" allowfullscreen><\/iframe>\n<\/div><\/figure>\n\n\n\n<p><br><br>El sistema contempla una tarea mancomunada entre la Municipalidad, que ofrece la viabilidad, el estudio t\u00e9cnico, las maquinarias y la mano de obra para llevar adelante los trabajos, y los vecinos, que se encargan de aportar los ca\u00f1os necesarios que se requieren.<br><br>\u201cVenimos trabajando de la misma forma, con el sistema de participaci\u00f3n conjunta entre los vecinos y el municipio, nosotros poniendo la mano de obra y los privados haciendo la compra de los materiales, que es algo que nos dio muy buenos resultados en todo este tiempo\u201d, coment\u00f3.<\/p>\n\n\n\n<figure class=\"wp-block-image size-large\"><img loading=\"lazy\" decoding=\"async\" width=\"1024\" height=\"684\" src=\"https:\/\/corrientesdetarde.com\/wp-content\/uploads\/2025\/03\/image-1050-1024x684.png\" alt=\"\" class=\"wp-image-198824\" srcset=\"https:\/\/corrientesdetarde.com\/wp-content\/uploads\/2025\/03\/image-1050-1024x684.png 1024w, https:\/\/corrientesdetarde.com\/wp-content\/uploads\/2025\/03\/image-1050-300x200.png 300w, https:\/\/corrientesdetarde.com\/wp-content\/uploads\/2025\/03\/image-1050-768x513.png 768w, https:\/\/corrientesdetarde.com\/wp-content\/uploads\/2025\/03\/image-1050.png 1110w\" sizes=\"auto, (max-width: 1024px) 100vw, 1024px\" \/><\/figure>\n\n\n\n<p><br><br>FRENTES ACTUALES<br>Actualmente, la Municipalidad trabaja simult\u00e1neamente en dos frentes de obra: uno de ellos se ejecuta en el barrio Jard\u00edn y el otro en el barrio Dr. Monta\u00f1a.<br><br>En el barrio Jard\u00edn, el equipo municipal se encuentra en la \u00faltima etapa de la obra. \u201cEn este sector estamos haciendo 900 metros lineales de cloaca de la red principal, que comprenden 100 conexiones domiciliarias\u201d, explic\u00f3 Cabrera.<br><br>Los trabajos iniciaron en la intersecci\u00f3n de Los Alel\u00edes y Las Gardenias, siguiendo por esta \u00faltima hasta Las Azucenas, una cuadra antes de la avenida R\u00edo Chico, para girar en direcci\u00f3n a Las Dalias, y as\u00ed completar los aproximadamente 900 metros lineales.<br><br>Por estos d\u00edas, el frente de obra se ubica en la intersecci\u00f3n de Las Gardenias y Los Crisantemos, por lo que restan solo unos 200 metros lineales y dos c\u00e1maras de registro para concluir el trabajo. En tanto que desde Los Crisantemos hasta Los Alel\u00edes est\u00e1 todo conectado y los vecinos ya est\u00e1n utilizando el servicio.<br><br>El funcionario precis\u00f3 que \u201cparalelamente se trabaja con una obra similar en el barrio Doctor Monta\u00f1a, y estamos prontos a iniciar otro frente en el barrio Ciudades Correntinas\u201d.<br><br>Al mismo tiempo, operarios municipales llevaron adelante en el barrio Jard\u00edn las conexiones domiciliarias de la red de agua con la red troncal de cloaca. \u201cTambi\u00e9n estamos trabajando por Ruta 5, haciendo conexiones de agua, que es un servicio tambi\u00e9n necesario y fundamental para que los vecinos puedan mejorar su calidad de vida\u201d, agreg\u00f3 Cabrera.<br><br>Para finalizar, el secretario de Infraestructura manifest\u00f3 que las obras de cloaca son fundamentales para poder empezar a pensar en lo que viene, como suceder\u00e1 en este sector del barrio Jard\u00edn en donde est\u00e1 programado un frente de cord\u00f3n cuneta con ripio, y eso va trayendo luego m\u00e1s mejoras al barrio, ya que despu\u00e9s vendr\u00e1n seguramente las luces LED, y as\u00ed es que vamos mejorando cada uno de los barrios como ya lo hicimos en tantos otros\u201d.<\/p>\n\n\n\n<figure class=\"wp-block-image size-large\"><img loading=\"lazy\" decoding=\"async\" width=\"1024\" height=\"799\" src=\"https:\/\/corrientesdetarde.com\/wp-content\/uploads\/2025\/03\/image-1049-1024x799.png\" alt=\"\" class=\"wp-image-198823\" srcset=\"https:\/\/corrientesdetarde.com\/wp-content\/uploads\/2025\/03\/image-1049-1024x799.png 1024w, https:\/\/corrientesdetarde.com\/wp-content\/uploads\/2025\/03\/image-1049-300x234.png 300w, https:\/\/corrientesdetarde.com\/wp-content\/uploads\/2025\/03\/image-1049-768x599.png 768w, https:\/\/corrientesdetarde.com\/wp-content\/uploads\/2025\/03\/image-1049.png 1086w\" sizes=\"auto, (max-width: 1024px) 100vw, 1024px\" \/><\/figure>\n","protected":false},"excerpt":{"rendered":"<p>En la gesti\u00f3n municipal del intendente Eduardo Tassano se llevan realizados 32.000 metros lineales de esta obra fundamental para mejorar la calidad de vida de los vecinos. En total, ya&hellip; <\/p>\n","protected":false},"author":1,"featured_media":198822,"comment_status":"closed","ping_status":"open","sticky":false,"template":"","format":"standard","meta":{"footnotes":""},"categories":[17],"tags":[],"class_list":["post-198817","post","type-post","status-publish","format-standard","has-post-thumbnail","hentry","category-sociales"],"_links":{"self":[{"href":"https:\/\/corrientesdetarde.com\/index.php\/wp-json\/wp\/v2\/posts\/198817","targetHints":{"allow":["GET"]}}],"collection":[{"href":"https:\/\/corrientesdetarde.com\/index.php\/wp-json\/wp\/v2\/posts"}],"about":[{"href":"https:\/\/corrientesdetarde.com\/index.php\/wp-json\/wp\/v2\/types\/post"}],"author":[{"embeddable":true,"href":"https:\/\/corrientesdetarde.com\/index.php\/wp-json\/wp\/v2\/users\/1"}],"replies":[{"embeddable":true,"href":"https:\/\/corrientesdetarde.com\/index.php\/wp-json\/wp\/v2\/comments?post=198817"}],"version-history":[{"count":1,"href":"https:\/\/corrientesdetarde.com\/index.php\/wp-json\/wp\/v2\/posts\/198817\/revisions"}],"predecessor-version":[{"id":198825,"href":"https:\/\/corrientesdetarde.com\/index.php\/wp-json\/wp\/v2\/posts\/198817\/revisions\/198825"}],"wp:featuredmedia":[{"embeddable":true,"href":"https:\/\/corrientesdetarde.com\/index.php\/wp-json\/wp\/v2\/media\/198822"}],"wp:attachment":[{"href":"https:\/\/corrientesdetarde.com\/index.php\/wp-json\/wp\/v2\/media?parent=198817"}],"wp:term":[{"taxonomy":"category","embeddable":true,"href":"https:\/\/corrientesdetarde.com\/index.php\/wp-json\/wp\/v2\/categories?post=198817"},{"taxonomy":"post_tag","embeddable":true,"href":"https:\/\/corrientesdetarde.com\/index.php\/wp-json\/wp\/v2\/tags?post=198817"}],"curies":[{"name":"wp","href":"https:\/\/api.w.org\/{rel}","templated":true}]}}