{"id":198840,"date":"2025-03-26T13:12:32","date_gmt":"2025-03-26T16:12:32","guid":{"rendered":"https:\/\/corrientesdetarde.com\/?p=198840"},"modified":"2025-03-26T13:12:35","modified_gmt":"2025-03-26T16:12:35","slug":"apostando-a-una-mayor-infraestructura-se-habilito-el-nuevo-ciclo-lectivo-de-los-centros-de-desarrollo-infantil","status":"publish","type":"post","link":"https:\/\/corrientesdetarde.com\/index.php\/sociales\/apostando-a-una-mayor-infraestructura-se-habilito-el-nuevo-ciclo-lectivo-de-los-centros-de-desarrollo-infantil\/","title":{"rendered":"Apostando a una mayor infraestructura, se habilit\u00f3 el nuevo ciclo lectivo de los Centros de Desarrollo Infantil"},"content":{"rendered":"\n<p>Renovando el compromiso con la calidad educativa, el ministro de Desarrollo Social, Ad\u00e1n Gaya, encabez\u00f3 este mi\u00e9rcoles la apertura formal del ciclo lectivo 2025 de los CDI, en el Centro \u00d1ande Roga de Capital, recordando que&nbsp;las actividades ya hab\u00edan dado inicio en el mes de febrero. En la oportunidad, el funcionario record\u00f3 la construcci\u00f3n de otros 15 establecimientos m\u00e1s en el interior provincial y uno en Capital, para continuar brindando contenci\u00f3n y atenci\u00f3n integral a los m\u00e1s chicos.<\/p>\n\n\n\n<p>El acto alusivo se desarroll\u00f3 con la presencia de los abanderados de los 17 Centros de Desarrollo Infantil&nbsp; de Capital, en donde asisten 2 mil ni\u00f1os y ni\u00f1as, desde los 45 d\u00edas, y hasta los 4 a\u00f1os.<\/p>\n\n\n\n<p>Los CDI son lugares abiertos a la comunidad con el objetivo de promover la formaci\u00f3n y los derechos de los ni\u00f1os. All\u00ed, se realizan actividades tendientes al desarrollo integral, como su educaci\u00f3n, recreaci\u00f3n, expresi\u00f3n, alimentaci\u00f3n y salud.<\/p>\n\n\n\n<p><strong>Compromiso con la ni\u00f1ez,&nbsp;inversi\u00f3n en infraestructura y valorizaci\u00f3n de&nbsp;la educaci\u00f3n p\u00fablica<\/strong><\/p>\n\n\n\n<p>Autoridades, docentes, tutores y ni\u00f1os participaron del acto en el CDI \u00d1ande Roga de la Capital, centros de desarrollo que albergan a 2 mil ni\u00f1os en la ciudad y otros m\u00e1s de 1500 en localidades del interior. Ad\u00e1n Gaya, Ministro de Desarrollo Social, destac\u00f3 la labor realizada con cari\u00f1o por el personal y destac\u00f3 la calidad educativa de estos establecimientos.<\/p>\n\n\n\n<p>El Centro de Desarrollo Infantil \u00d1ande Roga, en la capital correntina, fue el punto de encuentro para el acto que oficializ\u00f3 la apertura del ciclo lectivo de estos espacios, que albergan a ni\u00f1os desde los 45 d\u00edas, y funcionan bajo la \u00f3rbita del Ministerio de Desarrollo Social.<\/p>\n\n\n\n<p>En su discurso de apertura Ad\u00e1n Gaya, ministro de Desarrollo Social de la provincia, destac\u00f3 la labor educativa y de contenci\u00f3n que se realiza en los Centros de Desarrollo Infantil, llevado adelante por docentes, directivos, auxiliares y profesionales, para atender a \u201c17 Centros en la Capital, donde asisten 2 mil ni\u00f1os y ni\u00f1as, y m\u00e1s de 1500 en el interior, donde se construyen otros 15 nuevos Centros\u201d, subray\u00f3.<\/p>\n\n\n\n<p>As\u00ed, aunque las clases ya comenzaron hacen varios d\u00edas, el titular de la cartera social destac\u00f3 que \u201ccuando inicia un ciclo lectivo, estamos llenos de esperanza y tenemos el compromiso de llevar adelante nuestra pol\u00edtica en materia de educaci\u00f3n, algo que hacemos entre todos\u201d, sostuvo.<\/p>\n\n\n\n<p>Por otra parte, destac\u00f3 el \u201cgran inter\u00e9s por parte de los padres de venir con sus ni\u00f1os, y la confianza\u201d para dejarlos al cuidado de los profesionales que atienden los Centros. \u201cEso denota el trabajo que realizamos y el afecto que le ponemos\u201d, asegur\u00f3. Asimismo, requiri\u00f3 a los tutores el acompa\u00f1amiento a los docentes y directivos en su labor.<\/p>\n\n\n\n<p>El Ministro&nbsp; tambi\u00e9n anunci\u00f3 obras de refacci\u00f3n edilicia en el CDI \u00d1ande Roga, y anticip\u00f3 la pr\u00f3xima inauguraci\u00f3n de otro centro de desarrollo infantil en capital. \u201cComenzamos el a\u00f1o con expectativas y ganas, y la voluntad de mejorar todos los d\u00edas la calidad de vida de nuestros ni\u00f1os, as\u00ed como el compromiso de este Ministerio y del Gobierno para que podamos ofrecer a todos una educaci\u00f3n p\u00fablica y gratuita cada vez mejor\u201d, enfatiz\u00f3.<\/p>\n\n\n\n<p>Al final, inst\u00f3 a los presentes a \u201ctrabajar juntos y con ganas\u201d, as\u00ed como valor\u00f3 los logros de respaldo de la cartera de Educaci\u00f3n provincial hacia la curr\u00edcula educativa de los CDI; orientada hacia el ingreso de los ni\u00f1os al nivel inicial.<\/p>\n\n\n\n<p><strong>Calidad educativa<\/strong><\/p>\n\n\n\n<p>\u201cNo solamente marcamos el inicio de las actividades del a\u00f1o sino que renovamos el compromiso con la calidad educativa de nuestros ni\u00f1os y ni\u00f1as\u201d, manifest\u00f3 inicialmente el director de los Derechos de la Ni\u00f1ez y la Familia, Manuel Santamar\u00eda, en el marco del acto.<\/p>\n\n\n\n<p>El funcionario de la cartera de Desarrollo Social, aprovech\u00f3 la ocasi\u00f3n para agradecer a padres, tutores, docentes y directivos, por el pleno acompa\u00f1amiento que demuestran hacia cada uno de los ni\u00f1os y ni\u00f1as.<\/p>\n\n\n\n<p>Para concluir, Santamar\u00eda anhel\u00f3 que \u201ctengamos todos la sabidur\u00eda para tomar las mejores decisiones por nuestros ni\u00f1os\u201d y dese\u00f3 que el \u201c2025 sea un gran a\u00f1o\u201d para los CDI.<\/p>\n\n\n\n<p><strong>Presencias<\/strong><\/p>\n\n\n\n<p>Acompa\u00f1aron a las mencionadas autoridades, la secretaria de Desarrollo Humano e Igualdad, Ver\u00f3nica Morales Maciel; el subsecretario de Salud, Carlos Casella; el coordinador de los CDI, Hern\u00e1n M\u00e9ndez; y la directora del CDI \u00d1ande Roga, Paola Arias<\/p>\n\n\n\n<figure class=\"wp-block-image size-large\"><img loading=\"lazy\" decoding=\"async\" width=\"1024\" height=\"682\" src=\"https:\/\/corrientesdetarde.com\/wp-content\/uploads\/2025\/03\/image-1057-1024x682.png\" alt=\"\" class=\"wp-image-198841\" srcset=\"https:\/\/corrientesdetarde.com\/wp-content\/uploads\/2025\/03\/image-1057-1024x682.png 1024w, https:\/\/corrientesdetarde.com\/wp-content\/uploads\/2025\/03\/image-1057-300x200.png 300w, https:\/\/corrientesdetarde.com\/wp-content\/uploads\/2025\/03\/image-1057-768x512.png 768w, https:\/\/corrientesdetarde.com\/wp-content\/uploads\/2025\/03\/image-1057-1536x1023.png 1536w, https:\/\/corrientesdetarde.com\/wp-content\/uploads\/2025\/03\/image-1057.png 1600w\" sizes=\"auto, (max-width: 1024px) 100vw, 1024px\" \/><\/figure>\n\n\n\n<figure class=\"wp-block-image size-large\"><img loading=\"lazy\" decoding=\"async\" width=\"1024\" height=\"682\" src=\"https:\/\/corrientesdetarde.com\/wp-content\/uploads\/2025\/03\/image-1058-1024x682.png\" alt=\"\" class=\"wp-image-198842\" srcset=\"https:\/\/corrientesdetarde.com\/wp-content\/uploads\/2025\/03\/image-1058-1024x682.png 1024w, https:\/\/corrientesdetarde.com\/wp-content\/uploads\/2025\/03\/image-1058-300x200.png 300w, https:\/\/corrientesdetarde.com\/wp-content\/uploads\/2025\/03\/image-1058-768x512.png 768w, https:\/\/corrientesdetarde.com\/wp-content\/uploads\/2025\/03\/image-1058-1536x1023.png 1536w, https:\/\/corrientesdetarde.com\/wp-content\/uploads\/2025\/03\/image-1058.png 1600w\" sizes=\"auto, (max-width: 1024px) 100vw, 1024px\" \/><\/figure>\n\n\n\n<figure class=\"wp-block-image size-large\"><img loading=\"lazy\" decoding=\"async\" width=\"1024\" height=\"682\" src=\"https:\/\/corrientesdetarde.com\/wp-content\/uploads\/2025\/03\/image-1059-1024x682.png\" alt=\"\" class=\"wp-image-198843\" srcset=\"https:\/\/corrientesdetarde.com\/wp-content\/uploads\/2025\/03\/image-1059-1024x682.png 1024w, https:\/\/corrientesdetarde.com\/wp-content\/uploads\/2025\/03\/image-1059-300x200.png 300w, https:\/\/corrientesdetarde.com\/wp-content\/uploads\/2025\/03\/image-1059-768x512.png 768w, https:\/\/corrientesdetarde.com\/wp-content\/uploads\/2025\/03\/image-1059-1536x1023.png 1536w, https:\/\/corrientesdetarde.com\/wp-content\/uploads\/2025\/03\/image-1059.png 1600w\" sizes=\"auto, (max-width: 1024px) 100vw, 1024px\" \/><\/figure>\n\n\n\n<figure class=\"wp-block-image size-large\"><img loading=\"lazy\" decoding=\"async\" width=\"1024\" height=\"682\" src=\"https:\/\/corrientesdetarde.com\/wp-content\/uploads\/2025\/03\/image-1060-1024x682.png\" alt=\"\" class=\"wp-image-198844\" srcset=\"https:\/\/corrientesdetarde.com\/wp-content\/uploads\/2025\/03\/image-1060-1024x682.png 1024w, https:\/\/corrientesdetarde.com\/wp-content\/uploads\/2025\/03\/image-1060-300x200.png 300w, https:\/\/corrientesdetarde.com\/wp-content\/uploads\/2025\/03\/image-1060-768x512.png 768w, https:\/\/corrientesdetarde.com\/wp-content\/uploads\/2025\/03\/image-1060-1536x1023.png 1536w, https:\/\/corrientesdetarde.com\/wp-content\/uploads\/2025\/03\/image-1060.png 1600w\" sizes=\"auto, (max-width: 1024px) 100vw, 1024px\" \/><\/figure>\n\n\n\n<figure class=\"wp-block-image size-large\"><img loading=\"lazy\" decoding=\"async\" width=\"1024\" height=\"682\" src=\"https:\/\/corrientesdetarde.com\/wp-content\/uploads\/2025\/03\/image-1061-1024x682.png\" alt=\"\" class=\"wp-image-198845\" srcset=\"https:\/\/corrientesdetarde.com\/wp-content\/uploads\/2025\/03\/image-1061-1024x682.png 1024w, https:\/\/corrientesdetarde.com\/wp-content\/uploads\/2025\/03\/image-1061-300x200.png 300w, https:\/\/corrientesdetarde.com\/wp-content\/uploads\/2025\/03\/image-1061-768x512.png 768w, https:\/\/corrientesdetarde.com\/wp-content\/uploads\/2025\/03\/image-1061-1536x1023.png 1536w, https:\/\/corrientesdetarde.com\/wp-content\/uploads\/2025\/03\/image-1061.png 1600w\" sizes=\"auto, (max-width: 1024px) 100vw, 1024px\" \/><\/figure>\n\n\n\n<figure class=\"wp-block-image size-large\"><img loading=\"lazy\" decoding=\"async\" width=\"1024\" height=\"682\" src=\"https:\/\/corrientesdetarde.com\/wp-content\/uploads\/2025\/03\/image-1062-1024x682.png\" alt=\"\" class=\"wp-image-198846\" srcset=\"https:\/\/corrientesdetarde.com\/wp-content\/uploads\/2025\/03\/image-1062-1024x682.png 1024w, https:\/\/corrientesdetarde.com\/wp-content\/uploads\/2025\/03\/image-1062-300x200.png 300w, https:\/\/corrientesdetarde.com\/wp-content\/uploads\/2025\/03\/image-1062-768x512.png 768w, https:\/\/corrientesdetarde.com\/wp-content\/uploads\/2025\/03\/image-1062-1536x1023.png 1536w, https:\/\/corrientesdetarde.com\/wp-content\/uploads\/2025\/03\/image-1062.png 1600w\" sizes=\"auto, (max-width: 1024px) 100vw, 1024px\" \/><\/figure>\n\n\n\n<figure class=\"wp-block-image size-large\"><img loading=\"lazy\" decoding=\"async\" width=\"1024\" height=\"739\" src=\"https:\/\/corrientesdetarde.com\/wp-content\/uploads\/2025\/03\/image-1063-1024x739.png\" alt=\"\" class=\"wp-image-198847\" srcset=\"https:\/\/corrientesdetarde.com\/wp-content\/uploads\/2025\/03\/image-1063-1024x739.png 1024w, https:\/\/corrientesdetarde.com\/wp-content\/uploads\/2025\/03\/image-1063-300x217.png 300w, https:\/\/corrientesdetarde.com\/wp-content\/uploads\/2025\/03\/image-1063-768x554.png 768w, https:\/\/corrientesdetarde.com\/wp-content\/uploads\/2025\/03\/image-1063-1536x1109.png 1536w, https:\/\/corrientesdetarde.com\/wp-content\/uploads\/2025\/03\/image-1063.png 1600w\" sizes=\"auto, (max-width: 1024px) 100vw, 1024px\" \/><\/figure>\n\n\n\n<figure class=\"wp-block-image size-large\"><img loading=\"lazy\" decoding=\"async\" width=\"1024\" height=\"682\" src=\"https:\/\/corrientesdetarde.com\/wp-content\/uploads\/2025\/03\/image-1064-1024x682.png\" alt=\"\" class=\"wp-image-198848\" srcset=\"https:\/\/corrientesdetarde.com\/wp-content\/uploads\/2025\/03\/image-1064-1024x682.png 1024w, https:\/\/corrientesdetarde.com\/wp-content\/uploads\/2025\/03\/image-1064-300x200.png 300w, https:\/\/corrientesdetarde.com\/wp-content\/uploads\/2025\/03\/image-1064-768x512.png 768w, https:\/\/corrientesdetarde.com\/wp-content\/uploads\/2025\/03\/image-1064-1536x1023.png 1536w, https:\/\/corrientesdetarde.com\/wp-content\/uploads\/2025\/03\/image-1064.png 1600w\" sizes=\"auto, (max-width: 1024px) 100vw, 1024px\" \/><\/figure>\n","protected":false},"excerpt":{"rendered":"<p>Renovando el compromiso con la calidad educativa, el ministro de Desarrollo Social, Ad\u00e1n Gaya, encabez\u00f3 este mi\u00e9rcoles la apertura formal del ciclo lectivo 2025 de los CDI, en el Centro&hellip; <\/p>\n","protected":false},"author":8,"featured_media":198843,"comment_status":"closed","ping_status":"open","sticky":false,"template":"","format":"standard","meta":{"footnotes":""},"categories":[17],"tags":[],"class_list":["post-198840","post","type-post","status-publish","format-standard","has-post-thumbnail","hentry","category-sociales"],"_links":{"self":[{"href":"https:\/\/corrientesdetarde.com\/index.php\/wp-json\/wp\/v2\/posts\/198840","targetHints":{"allow":["GET"]}}],"collection":[{"href":"https:\/\/corrientesdetarde.com\/index.php\/wp-json\/wp\/v2\/posts"}],"about":[{"href":"https:\/\/corrientesdetarde.com\/index.php\/wp-json\/wp\/v2\/types\/post"}],"author":[{"embeddable":true,"href":"https:\/\/corrientesdetarde.com\/index.php\/wp-json\/wp\/v2\/users\/8"}],"replies":[{"embeddable":true,"href":"https:\/\/corrientesdetarde.com\/index.php\/wp-json\/wp\/v2\/comments?post=198840"}],"version-history":[{"count":1,"href":"https:\/\/corrientesdetarde.com\/index.php\/wp-json\/wp\/v2\/posts\/198840\/revisions"}],"predecessor-version":[{"id":198849,"href":"https:\/\/corrientesdetarde.com\/index.php\/wp-json\/wp\/v2\/posts\/198840\/revisions\/198849"}],"wp:featuredmedia":[{"embeddable":true,"href":"https:\/\/corrientesdetarde.com\/index.php\/wp-json\/wp\/v2\/media\/198843"}],"wp:attachment":[{"href":"https:\/\/corrientesdetarde.com\/index.php\/wp-json\/wp\/v2\/media?parent=198840"}],"wp:term":[{"taxonomy":"category","embeddable":true,"href":"https:\/\/corrientesdetarde.com\/index.php\/wp-json\/wp\/v2\/categories?post=198840"},{"taxonomy":"post_tag","embeddable":true,"href":"https:\/\/corrientesdetarde.com\/index.php\/wp-json\/wp\/v2\/tags?post=198840"}],"curies":[{"name":"wp","href":"https:\/\/api.w.org\/{rel}","templated":true}]}}