{"id":198853,"date":"2025-03-26T13:18:00","date_gmt":"2025-03-26T16:18:00","guid":{"rendered":"https:\/\/corrientesdetarde.com\/?p=198853"},"modified":"2025-03-26T13:18:04","modified_gmt":"2025-03-26T16:18:04","slug":"la-corte-suprema-de-brasil-resolvio-enviar-a-juicio-a-jair-bolsonaro-por-intento-de-golpe-de-estado","status":"publish","type":"post","link":"https:\/\/corrientesdetarde.com\/index.php\/internacionales\/la-corte-suprema-de-brasil-resolvio-enviar-a-juicio-a-jair-bolsonaro-por-intento-de-golpe-de-estado\/","title":{"rendered":"La Corte Suprema de Brasil resolvi\u00f3 enviar a juicio a Jair Bolsonaro por intento de golpe de Estado"},"content":{"rendered":"\n<p>La fiscal\u00eda sostiene que el exmandatario ultraderechista lider\u00f3 una organizaci\u00f3n criminal que busc\u00f3 impedir la investidura del presidente Luiz In\u00e1cio Lula da Silva, tras perder las elecciones en 2022.<\/p>\n\n\n\n<p>La Corte Suprema de Brasil decidi\u00f3 juzgar al expresidente\u00a0<strong>Jair Bolsonaro\u00a0y siete presuntos c\u00f3mplices\u00a0<\/strong>por\u00a0<strong>intento de golpe de Estado<\/strong>, un delito por el que podr\u00eda llegar a ser condenado hasta 40 a\u00f1os de c\u00e1rcel y minar\u00eda sus aspiraciones pol\u00edticas.<\/p>\n\n\n\n<p>La fiscal\u00eda sostuvo que el exmandatario ultraderechista, de 70 a\u00f1os,&nbsp;<strong>lider\u00f3 una organizaci\u00f3n criminal<\/strong>&nbsp;que busc\u00f3 impedir la investidura del presidente Luiz In\u00e1cio Lula da Silva, tras perder las elecciones en 2022.<\/p>\n\n\n\n<p><strong>Los cinco jueces&nbsp;<\/strong>de la Primera Sala del Supremo Tribunal Federal(STF) &#8211;<strong>Alexandre de Moraes, Fl\u00e1vio Dino, Luiz Fux, C\u00e1rmen L\u00facia y Cristiano Zanin<\/strong>&#8211; ,votaron por unanimidad a favor de aceptar la denuncia presentada por la Procuradur\u00eda General de la Rep\u00fablica (PGR).<\/p>\n\n\n\n<h2 class=\"wp-block-heading\">Qui\u00e9nes fueron acusados de intento de golpe de Estado<\/h2>\n\n\n\n<p>Los imputados por el intento de golpe de Estado de 2023 en Brasil son:<\/p>\n\n\n\n<ul class=\"wp-block-list\">\n<li><strong>Jair Bolsonaro<\/strong>, expresidente de la Rep\u00fablica;<\/li>\n\n\n\n<li><strong>Alexandre Ramagem<\/strong>, exdirector de la Agencia Brasile\u00f1a de Inteligencia;<\/li>\n\n\n\n<li><strong>Almir Garnier<\/strong>, excomandante de la Marina;<\/li>\n\n\n\n<li><strong>Anderson Torres<\/strong>, exministro de Justicia;<\/li>\n\n\n\n<li><strong>Augusto Heleno<\/strong>, exministro de la Oficina de Seguridad Institucional;<\/li>\n\n\n\n<li><strong>Mauro Cid<\/strong>, exayudante de campo de la Presidencia;<\/li>\n\n\n\n<li><strong>Paulo S\u00e9rgio<\/strong>\u00a0Nogueira, exministro de Defensa;<\/li>\n\n\n\n<li><strong>Braga Netto<\/strong>, exministro de la Casa Civil de Bolsonaro.<\/li>\n<\/ul>\n\n\n\n<p>Todos los acusados fueron denunciados por\u00a0<strong>abolici\u00f3n violenta del Estado democr\u00e1tico de derecho, intento de golpe de Estado, implicaci\u00f3n en organizaci\u00f3n criminal armada, da\u00f1o calificado y deterioro de patrimonio<\/strong>. Seg\u00fan la acusaci\u00f3n, la conspiraci\u00f3n desemboc\u00f3 en la\u00a0<strong>invasi\u00f3n violenta las sedes del Supremo, el Congreso y la Presidencia<\/strong>\u00a0por miles de bolsonaristas pocos d\u00edas despu\u00e9s de la toma de posesi\u00f3n de Lula en 2023.<\/p>\n\n\n\n<p>De Moraes consider\u00f3 que hay \u201cmaterialidad\u201d e \u201cindicios razonables\u201d en la acusaci\u00f3n que present\u00f3 la Fiscal\u00eda se\u00f1alando a Bolsonaro como l\u00edder de la trama golpista en la que figuran militares de alto rango y antiguos ministros del Gobierno del ultraderechista (2019-2022).<\/p>\n\n\n\n<p>\u201c<strong>Tuvimos un intento de golpe de Estado violent\u00edsimo<\/strong>&nbsp;(&#8230;) una violencia salvaje, con petici\u00f3n de intervenci\u00f3n militar para un golpe de Estado\u201d, dijo De Moraes al argumentar su voto.<\/p>\n\n\n\n<p>El juez sostuvo que \u201cla organizaci\u00f3n criminal sigui\u00f3 todos los pasos necesarios para derrocar al gobierno leg\u00edtimamente electo\u201d en un objetivo que \u201cno se concret\u00f3\u201d por \u201cla resistencia de los comandantes del Ej\u00e9rcito y la Fuerza A\u00e9rea las medidas de excepci\u00f3n\u201d.<\/p>\n\n\n\n<p>De Moraes se\u00f1al\u00f3 que la conspiraci\u00f3n empez\u00f3 en 2021 y record\u00f3 la estrategia que utiliz\u00f3 ese a\u00f1o el exmandatario para \u201cdifundir noticias falsas sobre el sistema electoral brasile\u00f1o\u201d.<\/p>\n\n\n\n<p>La jueza C\u00e1rmen Luc\u00eda cit\u00f3 a la historiadora Heloisa Starling cuando afirm\u00f3 que \u201cun golpe de Estado no se hace en un d\u00eda\u201d y dijo que este tipo de movimientos \u201cno termina en una semana, ni en un mes\u201d. Para ella, los actos golpistas fueron el resultado de un proceso largo y articulado.<\/p>\n\n\n\n<p>Seg\u00fan dijo quienes perpetraron los destrozos no estaban en Brasilia \u201cde vacaciones\u201d: \u201cNo fue una fiesta al final de la tarde, donde todos decidieron aparecer y usar palos y piedras para destruirlo todo\u201d, afirm\u00f3.<\/p>\n\n\n\n<p>Luc\u00eda recalc\u00f3 que&nbsp;<strong>\u201cel golpe no tuvo \u00e9xito, si no no estar\u00edamos aqu\u00ed<\/strong>\u201d, pero dijo que es necesario reconstruir los hechos desde su origen y \u201cllegar a esta maquinaria que intent\u00f3 desmantelar la democracia\u201d.<\/p>\n\n\n\n<p>&#8220;La dictadura mata. La dictadura vive de la muerte, no solo de la sociedad y la democracia, sino de seres humanos de carne y hueso&#8221;, recalc\u00f3.<\/p>\n","protected":false},"excerpt":{"rendered":"<p>La fiscal\u00eda sostiene que el exmandatario ultraderechista lider\u00f3 una organizaci\u00f3n criminal que busc\u00f3 impedir la investidura del presidente Luiz In\u00e1cio Lula da Silva, tras perder las elecciones en 2022. La&hellip; <\/p>\n","protected":false},"author":8,"featured_media":198854,"comment_status":"closed","ping_status":"open","sticky":false,"template":"","format":"standard","meta":{"footnotes":""},"categories":[11],"tags":[],"class_list":["post-198853","post","type-post","status-publish","format-standard","has-post-thumbnail","hentry","category-internacionales"],"_links":{"self":[{"href":"https:\/\/corrientesdetarde.com\/index.php\/wp-json\/wp\/v2\/posts\/198853","targetHints":{"allow":["GET"]}}],"collection":[{"href":"https:\/\/corrientesdetarde.com\/index.php\/wp-json\/wp\/v2\/posts"}],"about":[{"href":"https:\/\/corrientesdetarde.com\/index.php\/wp-json\/wp\/v2\/types\/post"}],"author":[{"embeddable":true,"href":"https:\/\/corrientesdetarde.com\/index.php\/wp-json\/wp\/v2\/users\/8"}],"replies":[{"embeddable":true,"href":"https:\/\/corrientesdetarde.com\/index.php\/wp-json\/wp\/v2\/comments?post=198853"}],"version-history":[{"count":1,"href":"https:\/\/corrientesdetarde.com\/index.php\/wp-json\/wp\/v2\/posts\/198853\/revisions"}],"predecessor-version":[{"id":198855,"href":"https:\/\/corrientesdetarde.com\/index.php\/wp-json\/wp\/v2\/posts\/198853\/revisions\/198855"}],"wp:featuredmedia":[{"embeddable":true,"href":"https:\/\/corrientesdetarde.com\/index.php\/wp-json\/wp\/v2\/media\/198854"}],"wp:attachment":[{"href":"https:\/\/corrientesdetarde.com\/index.php\/wp-json\/wp\/v2\/media?parent=198853"}],"wp:term":[{"taxonomy":"category","embeddable":true,"href":"https:\/\/corrientesdetarde.com\/index.php\/wp-json\/wp\/v2\/categories?post=198853"},{"taxonomy":"post_tag","embeddable":true,"href":"https:\/\/corrientesdetarde.com\/index.php\/wp-json\/wp\/v2\/tags?post=198853"}],"curies":[{"name":"wp","href":"https:\/\/api.w.org\/{rel}","templated":true}]}}