{"id":199030,"date":"2025-03-27T10:49:28","date_gmt":"2025-03-27T13:49:28","guid":{"rendered":"https:\/\/corrientesdetarde.com\/?p=199030"},"modified":"2025-03-27T10:49:31","modified_gmt":"2025-03-27T13:49:31","slug":"imprevista-y-sin-motivos-el-abogado-gallego-renuncio-a-la-causa-loan-pena","status":"publish","type":"post","link":"https:\/\/corrientesdetarde.com\/index.php\/actualidad\/imprevista-y-sin-motivos-el-abogado-gallego-renuncio-a-la-causa-loan-pena\/","title":{"rendered":"Imprevista y sin motivos: el abogado Gallego renunci\u00f3 a la causa Loan Pe\u00f1a"},"content":{"rendered":"\n<p>El abogado Juan Pablo Gallego present\u00f3 su renuncia este jueves en la causa Loan Pe\u00f1a, menor desaparecido en la localidad correntina 9 de Julio en junio del a\u00f1o pasado.\u00a0<\/p>\n\n\n\n<p><\/p>\n\n\n\n<p>&#8220;Hoy renuncio al patricinio de la querella en la causa Loan, con la satisfacci\u00f3n del deber cumplido&#8221;, dijo en un video compartido en sus redes sociales.&nbsp;<\/p>\n\n\n\n<p>Gallego renunci\u00f3 luego de obtener la convalidaci\u00f3n del procesamiento de los encubridores por parte de la C\u00e1mara Federal y encausar el rumbo del proceso hacia juicio oral.<\/p>\n\n\n\n<p>De forma imprevista y sin dar detalles, el letrado solo se justific\u00f3 diciendo que&nbsp;&#8220;razones personales y profesionales me llevan a tomar esta decisi\u00f3n&#8221;.<\/p>\n\n\n\n<p>Sin embargo agreg\u00f3 que &#8220;el avance de la investigaci\u00f3n, la delimitaci\u00f3n de los hechos y el procesamiento de todos los responsables, nos permiten saber que pronto conoceremos la verdad total y esclarecimiento de los hechos&#8221;.<\/p>\n","protected":false},"excerpt":{"rendered":"<p>El abogado Juan Pablo Gallego present\u00f3 su renuncia este jueves en la causa Loan Pe\u00f1a, menor desaparecido en la localidad correntina 9 de Julio en junio del a\u00f1o pasado.\u00a0 &#8220;Hoy&hellip; <\/p>\n","protected":false},"author":1,"featured_media":199040,"comment_status":"closed","ping_status":"open","sticky":false,"template":"","format":"standard","meta":{"footnotes":""},"categories":[23],"tags":[],"class_list":["post-199030","post","type-post","status-publish","format-standard","has-post-thumbnail","hentry","category-actualidad"],"_links":{"self":[{"href":"https:\/\/corrientesdetarde.com\/index.php\/wp-json\/wp\/v2\/posts\/199030","targetHints":{"allow":["GET"]}}],"collection":[{"href":"https:\/\/corrientesdetarde.com\/index.php\/wp-json\/wp\/v2\/posts"}],"about":[{"href":"https:\/\/corrientesdetarde.com\/index.php\/wp-json\/wp\/v2\/types\/post"}],"author":[{"embeddable":true,"href":"https:\/\/corrientesdetarde.com\/index.php\/wp-json\/wp\/v2\/users\/1"}],"replies":[{"embeddable":true,"href":"https:\/\/corrientesdetarde.com\/index.php\/wp-json\/wp\/v2\/comments?post=199030"}],"version-history":[{"count":1,"href":"https:\/\/corrientesdetarde.com\/index.php\/wp-json\/wp\/v2\/posts\/199030\/revisions"}],"predecessor-version":[{"id":199041,"href":"https:\/\/corrientesdetarde.com\/index.php\/wp-json\/wp\/v2\/posts\/199030\/revisions\/199041"}],"wp:featuredmedia":[{"embeddable":true,"href":"https:\/\/corrientesdetarde.com\/index.php\/wp-json\/wp\/v2\/media\/199040"}],"wp:attachment":[{"href":"https:\/\/corrientesdetarde.com\/index.php\/wp-json\/wp\/v2\/media?parent=199030"}],"wp:term":[{"taxonomy":"category","embeddable":true,"href":"https:\/\/corrientesdetarde.com\/index.php\/wp-json\/wp\/v2\/categories?post=199030"},{"taxonomy":"post_tag","embeddable":true,"href":"https:\/\/corrientesdetarde.com\/index.php\/wp-json\/wp\/v2\/tags?post=199030"}],"curies":[{"name":"wp","href":"https:\/\/api.w.org\/{rel}","templated":true}]}}