{"id":199042,"date":"2025-03-27T10:51:17","date_gmt":"2025-03-27T13:51:17","guid":{"rendered":"https:\/\/corrientesdetarde.com\/?p=199042"},"modified":"2025-03-27T10:51:21","modified_gmt":"2025-03-27T13:51:21","slug":"faena-clandestina-incautaron-250-kilos-de-carne-vacuna","status":"publish","type":"post","link":"https:\/\/corrientesdetarde.com\/index.php\/policiales\/faena-clandestina-incautaron-250-kilos-de-carne-vacuna\/","title":{"rendered":"Faena clandestina: incautaron 250 kilos de carne vacuna"},"content":{"rendered":"\n<p>La Polic\u00eda Rural y Ecol\u00f3gica de Goya inform\u00f3 este jueves que incaut\u00f3&nbsp;250 kilos de carne vacuna que eran transportados en una camioneta, en la que circulaban tres personas.<\/p>\n\n\n\n<p>El hecho\u00a0sucedi\u00f3 en Ruta nacional N\u00ba 12, en un\u00a0control policial, cuando detuvieron la marcha del veh\u00edculo.<\/p>\n\n\n\n<p>Los efectivos policiales solicitaron la documentaci\u00f3n correspondiente del veh\u00edculo y ante la falta de papeles habilitantes, procedieron a&nbsp;revisar la camioneta.<\/p>\n\n\n\n<p>En el rodado,&nbsp;encontraron&nbsp;<strong>36 bolsas de carne vacuna, chorizos y achuras<\/strong>&nbsp;que eran conservados sin cadena de fr\u00edo ni control bromatol\u00f3gico.&nbsp;<\/p>\n\n\n<div class=\"wp-block-image\">\n<figure class=\"alignleft\"><img decoding=\"async\" src=\"https:\/\/pxcdn.ellitoral.com.ar\/litoral\/032025\/1743077755848\/WhatsApp%20Image%202025-03-27%20at%208.32.25%20AM%20(1).jpeg?cw=446\" alt=\"Faena clandestina: incautaron 250 kilos de carne vacuna\" title=\"Faena clandestina: incautaron 250 kilos de carne vacuna-\"\/><\/figure>\n<\/div>\n\n\n<p>Los involucrados, identificados como Jos\u00e9 Horacio M, Diefo Ra\u00fal M. y \u00c1ngel El\u00edas V,&nbsp;fueron multados y puestos a disposici\u00f3n del la fiscal\u00eda rural. A su vez, se secuestro el veh\u00edculo y las carnes transportadas.&nbsp;<\/p>\n","protected":false},"excerpt":{"rendered":"<p>La Polic\u00eda Rural y Ecol\u00f3gica de Goya inform\u00f3 este jueves que incaut\u00f3&nbsp;250 kilos de carne vacuna que eran transportados en una camioneta, en la que circulaban tres personas. El hecho\u00a0sucedi\u00f3&hellip; <\/p>\n","protected":false},"author":1,"featured_media":199043,"comment_status":"closed","ping_status":"open","sticky":false,"template":"","format":"standard","meta":{"footnotes":""},"categories":[33],"tags":[],"class_list":["post-199042","post","type-post","status-publish","format-standard","has-post-thumbnail","hentry","category-policiales"],"_links":{"self":[{"href":"https:\/\/corrientesdetarde.com\/index.php\/wp-json\/wp\/v2\/posts\/199042","targetHints":{"allow":["GET"]}}],"collection":[{"href":"https:\/\/corrientesdetarde.com\/index.php\/wp-json\/wp\/v2\/posts"}],"about":[{"href":"https:\/\/corrientesdetarde.com\/index.php\/wp-json\/wp\/v2\/types\/post"}],"author":[{"embeddable":true,"href":"https:\/\/corrientesdetarde.com\/index.php\/wp-json\/wp\/v2\/users\/1"}],"replies":[{"embeddable":true,"href":"https:\/\/corrientesdetarde.com\/index.php\/wp-json\/wp\/v2\/comments?post=199042"}],"version-history":[{"count":1,"href":"https:\/\/corrientesdetarde.com\/index.php\/wp-json\/wp\/v2\/posts\/199042\/revisions"}],"predecessor-version":[{"id":199044,"href":"https:\/\/corrientesdetarde.com\/index.php\/wp-json\/wp\/v2\/posts\/199042\/revisions\/199044"}],"wp:featuredmedia":[{"embeddable":true,"href":"https:\/\/corrientesdetarde.com\/index.php\/wp-json\/wp\/v2\/media\/199043"}],"wp:attachment":[{"href":"https:\/\/corrientesdetarde.com\/index.php\/wp-json\/wp\/v2\/media?parent=199042"}],"wp:term":[{"taxonomy":"category","embeddable":true,"href":"https:\/\/corrientesdetarde.com\/index.php\/wp-json\/wp\/v2\/categories?post=199042"},{"taxonomy":"post_tag","embeddable":true,"href":"https:\/\/corrientesdetarde.com\/index.php\/wp-json\/wp\/v2\/tags?post=199042"}],"curies":[{"name":"wp","href":"https:\/\/api.w.org\/{rel}","templated":true}]}}