{"id":199045,"date":"2025-03-27T11:31:46","date_gmt":"2025-03-27T14:31:46","guid":{"rendered":"https:\/\/corrientesdetarde.com\/?p=199045"},"modified":"2025-03-27T11:31:49","modified_gmt":"2025-03-27T14:31:49","slug":"corrientes-futuro-tecno","status":"publish","type":"post","link":"https:\/\/corrientesdetarde.com\/index.php\/eventos\/corrientes-futuro-tecno\/","title":{"rendered":"Corrientes Futuro Tecno"},"content":{"rendered":"\n<p>El viernes 28 de 9,00 a 17 hs. se llevar\u00e1 a cabo \u201cCorrientes Futuro Tecno\u201d, un encuentro de especialistas con representantes del sector p\u00fablico y privado, para proponer respuestas tecnol\u00f3gicas aplicadas al desarrollo.<br>Las mesas de trabajo se realizar\u00e1n en el Consejo Profesional de Ingenier\u00eda, Arquitectura y Agrimensura de Corrientes, La Rioja 1240 de la ciudad de Corrientes, y se encuentra bajo la coordinaci\u00f3n de la Vicegobernaci\u00f3n.<br>Este evento est\u00e1 dirigido a l\u00edderes del sector p\u00fablico y privado de la provincia y contar\u00e1 con la presencia de trece referentes espa\u00f1oles que presentar\u00e1n soluciones tecnol\u00f3gicas innovadoras basadas en Inteligencia Artificial con un enfoque \u00e9tico, transparente y sostenible.<br>Expondr\u00e1n avances de Europa que est\u00e1n transformando los procesos administrativos y productivos, con una orientaci\u00f3n en la optimizaci\u00f3n de servicios y en la mejora continua de la gesti\u00f3n; la misma ser\u00e1 una oportunidad para explorar nuevas herramientas y contar con la presencia de expertos que compartir\u00e1n su conocimiento sobre c\u00f3mo implementar estas tecnolog\u00edas para resolver desaf\u00edos locales y generar valor.<br>El encuentro dar\u00e1 inicio con las palabras de bienvenida del vicegobernador y del presidente del CPIAyA. Seguidamente se firmar\u00e1n adhesiones de Proyecto Ley, convenios y acuerdos privados. Luego habr\u00e1 un networking, al mediod\u00eda un almuerzo y presentaci\u00f3n art\u00edstica<br>Por la tarde dar\u00e1n inicio de las presentaciones de la Federaci\u00f3n Nacional de Digitalizaci\u00f3n y Blockchain (FNDB) por Jos\u00e9 Hern\u00e1ndez; C4E por Jordi Batalla (Blockchain y digitalizaci\u00f3n); Vermont Solutions por Jos\u00e9 Carlos Navarro (Sector bancario).<br>Tambi\u00e9n Softalia por Toni Alur (Agroindustria y ganader\u00eda), CreaComercio por Francisco Javier L\u00f3pez Buyo (Log\u00edstica y gesti\u00f3n para empresas), Hubtrick por Francisco Garc\u00eda Cerrato (Plataformas de empleo); AIS por El\u00edas Bethencourt (Sector Bancario).<br>Posteriormente, BlockTravel por Cristian Nieto (Turismo), y para finalizar World Mobile por Antonio Hern\u00e1ndez y Guillem Albets (Telecomunicaciones y blockchain).<\/p>\n\n\n<div class=\"wp-block-image\">\n<figure class=\"aligncenter size-full\"><img loading=\"lazy\" decoding=\"async\" width=\"500\" height=\"500\" src=\"https:\/\/corrientesdetarde.com\/wp-content\/uploads\/2025\/03\/Imagen-de-WhatsApp-2025-03-27-a-las-11.29.56_6227f94c.jpg\" alt=\"\" class=\"wp-image-199046\" srcset=\"https:\/\/corrientesdetarde.com\/wp-content\/uploads\/2025\/03\/Imagen-de-WhatsApp-2025-03-27-a-las-11.29.56_6227f94c.jpg 500w, https:\/\/corrientesdetarde.com\/wp-content\/uploads\/2025\/03\/Imagen-de-WhatsApp-2025-03-27-a-las-11.29.56_6227f94c-300x300.jpg 300w, https:\/\/corrientesdetarde.com\/wp-content\/uploads\/2025\/03\/Imagen-de-WhatsApp-2025-03-27-a-las-11.29.56_6227f94c-150x150.jpg 150w\" sizes=\"auto, (max-width: 500px) 100vw, 500px\" \/><\/figure>\n<\/div>","protected":false},"excerpt":{"rendered":"<p>El viernes 28 de 9,00 a 17 hs. se llevar\u00e1 a cabo \u201cCorrientes Futuro Tecno\u201d, un encuentro de especialistas con representantes del sector p\u00fablico y privado, para proponer respuestas tecnol\u00f3gicas&hellip; <\/p>\n","protected":false},"author":1,"featured_media":199046,"comment_status":"closed","ping_status":"open","sticky":false,"template":"","format":"standard","meta":{"footnotes":""},"categories":[22,24],"tags":[],"class_list":["post-199045","post","type-post","status-publish","format-standard","has-post-thumbnail","hentry","category-eventos","category-tecnologia"],"_links":{"self":[{"href":"https:\/\/corrientesdetarde.com\/index.php\/wp-json\/wp\/v2\/posts\/199045","targetHints":{"allow":["GET"]}}],"collection":[{"href":"https:\/\/corrientesdetarde.com\/index.php\/wp-json\/wp\/v2\/posts"}],"about":[{"href":"https:\/\/corrientesdetarde.com\/index.php\/wp-json\/wp\/v2\/types\/post"}],"author":[{"embeddable":true,"href":"https:\/\/corrientesdetarde.com\/index.php\/wp-json\/wp\/v2\/users\/1"}],"replies":[{"embeddable":true,"href":"https:\/\/corrientesdetarde.com\/index.php\/wp-json\/wp\/v2\/comments?post=199045"}],"version-history":[{"count":1,"href":"https:\/\/corrientesdetarde.com\/index.php\/wp-json\/wp\/v2\/posts\/199045\/revisions"}],"predecessor-version":[{"id":199047,"href":"https:\/\/corrientesdetarde.com\/index.php\/wp-json\/wp\/v2\/posts\/199045\/revisions\/199047"}],"wp:featuredmedia":[{"embeddable":true,"href":"https:\/\/corrientesdetarde.com\/index.php\/wp-json\/wp\/v2\/media\/199046"}],"wp:attachment":[{"href":"https:\/\/corrientesdetarde.com\/index.php\/wp-json\/wp\/v2\/media?parent=199045"}],"wp:term":[{"taxonomy":"category","embeddable":true,"href":"https:\/\/corrientesdetarde.com\/index.php\/wp-json\/wp\/v2\/categories?post=199045"},{"taxonomy":"post_tag","embeddable":true,"href":"https:\/\/corrientesdetarde.com\/index.php\/wp-json\/wp\/v2\/tags?post=199045"}],"curies":[{"name":"wp","href":"https:\/\/api.w.org\/{rel}","templated":true}]}}