{"id":199048,"date":"2025-03-27T11:39:51","date_gmt":"2025-03-27T14:39:51","guid":{"rendered":"https:\/\/corrientesdetarde.com\/?p=199048"},"modified":"2025-03-27T11:39:54","modified_gmt":"2025-03-27T14:39:54","slug":"incendios-provincia-pone-a-disposicion-linea-de-asistencia-financiera-para-productores-damnificados","status":"publish","type":"post","link":"https:\/\/corrientesdetarde.com\/index.php\/economia\/incendios-provincia-pone-a-disposicion-linea-de-asistencia-financiera-para-productores-damnificados\/","title":{"rendered":"Incendios: Provincia pone a disposici\u00f3n l\u00ednea de asistencia financiera para productores damnificados"},"content":{"rendered":"\n<p>El Gobierno provincial brinda una herramienta financiera para asistir a los productores agropecuarios afectados por los incendios acaecidos en Corrientes durante el verano. Los principales beneficios de la misma, incluyen una tasa de inter\u00e9s del 0% y un plazo de hasta 84 meses para su devoluci\u00f3n. En este marco, el coordinador de Herramientas Financieras del ministerio de Hacienda, Ricardo Charpin, se refiri\u00f3 a las condiciones para acceder a la misma l\u00ednea.<\/p>\n\n\n\n<p><\/p>\n\n\n\n<p>&#8220;La instrucci\u00f3n del gobernador Gustavo Vald\u00e9s es que esta l\u00ednea tenga celeridad y que el productor no se sienta desorientado. Estamos para acompa\u00f1arlo en todo el proceso&#8221;, enfatiz\u00f3 Charpin, se\u00f1alando que desde la Subsecretar\u00eda de Hacienda, a cargo del doctor Patricio Carando, \u201ctenemos la tarea de dise\u00f1ar l\u00edneas de cr\u00e9ditos para acompa\u00f1ar la situaci\u00f3n de los productores afectados&#8221;.<\/p>\n\n\n\n<p>El funcionario precis\u00f3 que la l\u00ednea de financiamiento se instrumenta a trav\u00e9s del Fondo de Desarrollo de la Econom\u00eda de Corrientes (Fidecor) y contar\u00e1 con condiciones sumamente favorables.<\/p>\n\n\n\n<p>Los principales beneficios de la asistencia financiera incluyen una tasa de inter\u00e9s del 0% y un plazo de hasta 84 meses (siete a\u00f1os) para su devoluci\u00f3n. Los fondos podr\u00e1n destinarse a la compra de maquinaria y a la mejora de infraestructura rural, permitiendo la recuperaci\u00f3n y reactivaci\u00f3n productiva del sector.<\/p>\n\n\n\n<p>Para acceder al cr\u00e9dito, los productores deben obtener una certificaci\u00f3n del Ministerio de Producci\u00f3n que avale la magnitud del da\u00f1o sufrido. &#8220;Hemos simplificado los procesos para que sean \u00e1giles y pr\u00e1cticos. Desde la presentaci\u00f3n del formulario hasta la liquidaci\u00f3n del cr\u00e9dito, el plazo m\u00e1ximo de aprobaci\u00f3n es de 72 horas&#8221;, puntualiz\u00f3 Charp\u00edn.<\/p>\n\n\n\n<p>Respecto al financiamiento, se ofrecen dos l\u00edneas: hasta 10 millones de pesos a sola firma y hasta 20 millones con garant\u00eda de fianza. En el caso de personas jur\u00eddicas, los socios pueden actuar como fiadores, mientras que en el caso de personas f\u00edsicas, podr\u00e1 ser su c\u00f3nyuge o un tercero.<\/p>\n\n\n\n<p>Con esta medida, el Gobierno Provincial destina un total de 10.000 millones de pesos para esta asistencia a los productores agropecuarios damnificados por los incendios, incluyendo el subsidio de la tasa de inter\u00e9s.<\/p>\n\n\n\n<p>En tanto, si bien no hay un plazo determinado para la presentaci\u00f3n de solicitudes, se espera atender a todos los productores en un lapso de dos a tres meses, dependiendo de la evaluaci\u00f3n del Ministerio de Producci\u00f3n sobre la situaci\u00f3n del sector.<\/p>\n","protected":false},"excerpt":{"rendered":"<p>El Gobierno provincial brinda una herramienta financiera para asistir a los productores agropecuarios afectados por los incendios acaecidos en Corrientes durante el verano. Los principales beneficios de la misma, incluyen&hellip; <\/p>\n","protected":false},"author":1,"featured_media":199049,"comment_status":"closed","ping_status":"open","sticky":false,"template":"","format":"standard","meta":{"footnotes":""},"categories":[20],"tags":[],"class_list":["post-199048","post","type-post","status-publish","format-standard","has-post-thumbnail","hentry","category-economia"],"_links":{"self":[{"href":"https:\/\/corrientesdetarde.com\/index.php\/wp-json\/wp\/v2\/posts\/199048","targetHints":{"allow":["GET"]}}],"collection":[{"href":"https:\/\/corrientesdetarde.com\/index.php\/wp-json\/wp\/v2\/posts"}],"about":[{"href":"https:\/\/corrientesdetarde.com\/index.php\/wp-json\/wp\/v2\/types\/post"}],"author":[{"embeddable":true,"href":"https:\/\/corrientesdetarde.com\/index.php\/wp-json\/wp\/v2\/users\/1"}],"replies":[{"embeddable":true,"href":"https:\/\/corrientesdetarde.com\/index.php\/wp-json\/wp\/v2\/comments?post=199048"}],"version-history":[{"count":1,"href":"https:\/\/corrientesdetarde.com\/index.php\/wp-json\/wp\/v2\/posts\/199048\/revisions"}],"predecessor-version":[{"id":199050,"href":"https:\/\/corrientesdetarde.com\/index.php\/wp-json\/wp\/v2\/posts\/199048\/revisions\/199050"}],"wp:featuredmedia":[{"embeddable":true,"href":"https:\/\/corrientesdetarde.com\/index.php\/wp-json\/wp\/v2\/media\/199049"}],"wp:attachment":[{"href":"https:\/\/corrientesdetarde.com\/index.php\/wp-json\/wp\/v2\/media?parent=199048"}],"wp:term":[{"taxonomy":"category","embeddable":true,"href":"https:\/\/corrientesdetarde.com\/index.php\/wp-json\/wp\/v2\/categories?post=199048"},{"taxonomy":"post_tag","embeddable":true,"href":"https:\/\/corrientesdetarde.com\/index.php\/wp-json\/wp\/v2\/tags?post=199048"}],"curies":[{"name":"wp","href":"https:\/\/api.w.org\/{rel}","templated":true}]}}