{"id":199052,"date":"2025-03-27T13:53:39","date_gmt":"2025-03-27T16:53:39","guid":{"rendered":"https:\/\/corrientesdetarde.com\/?p=199052"},"modified":"2025-03-27T13:53:43","modified_gmt":"2025-03-27T16:53:43","slug":"la-unidad-ejecutora-provincial-brinda-capacitaciones-continuas-a-los-caps","status":"publish","type":"post","link":"https:\/\/corrientesdetarde.com\/index.php\/bienestar-y-salud\/la-unidad-ejecutora-provincial-brinda-capacitaciones-continuas-a-los-caps\/","title":{"rendered":"La Unidad Ejecutora Provincial brinda capacitaciones continuas a los CAPS"},"content":{"rendered":"\n<p><strong><em>Iniciaron encuentros destinados a los Centros de Atenci\u00f3n Primaria de la Salud, el primero fue \u201cJornada Taller: Liquidaci\u00f3n de Prestaciones\u201d. Estuvieron presentes directores y administrativos de los CAPS del I al VIII. La segunda jornada, se dar\u00e1 el viernes con los CAPS del IX al XVII.<\/em><\/strong><\/p>\n\n\n\n<p>El Ministerio de Salud P\u00fablica, a cargo de Ricardo Cardozo, a trav\u00e9s de la Unidad Ejecutora Provincial, inici\u00f3 capacitaciones contin\u00faas brindadas a los 17 CAPS de la Regi\u00f3n 1 de Capital. En los pr\u00f3ximos meses continuar\u00e1n en terreno visitando a cada uno de los mismos.<\/p>\n\n\n\n<p>En el marco del primer encuentro de la Jornada Taller: Liquidaci\u00f3n de Prestaciones, estuvieron presentes directores y administrativos de los CAPS 1, 2, 3, 4, 5, 6, 7 y 8.<\/p>\n\n\n\n<p>&#8220;En el marco del Recupero de Gastos es que venimos trabajando con hospitales y centros de salud de la provincia. En esta ocasi\u00f3n, estamos fortaleciendo los conocimientos sobre la liquidaci\u00f3n que deben hacer los CAPS de los servicios de Salud que brindan a trav\u00e9s de las Obras Sociales\u201d, dijo el director General de la UEP, Ariel V\u00e1zquez.<\/p>\n\n\n\n<p>Por su parte, la directora del CAPS N\u00b0 3 del barrio Mil Viviendas, Leticia Velis, expres\u00f3 que \u201cesta capacitaci\u00f3n es algo muy positivo para nosotros, un verdadero aprendizaje donde pudimos canalizar unas cuantas dudas y agradecemos el trabajo de todo el equipo de la UEP\u201d.<\/p>\n\n\n\n<p>Al mismo tiempo, la directora del CAPS N\u00b0 6 del barrio Industrial, Paola Sol\u00eds, detall\u00f3 que &#8220;desde el a\u00f1o pasado estamos trabajando con la UEP y gracias a eso pudimos acceder a muchas Obras Sociales que nos permiten hacer Recupero de Gastos, mejorar las instalaciones y los servicios que brindamos. Esta capacitaci\u00f3n es excelente como todas las que nos vienen brindando y nos permite actualizarnos y aprender d\u00eda a d\u00eda para mejorar\u201d.<\/p>\n\n\n\n<p>Por su parte, Mar\u00eda Concepci\u00f3n Badaracco, directora del CAPS N\u00b0 8 del barrio Santa Teresita expres\u00f3 que &#8220;es un enriquecimiento completo capacitarnos sobre todo lo referido a Recupero de Gastos de Obras Sociales, el tema de las liquidaciones y de la facturaci\u00f3n, adem\u00e1s estamos en vistas de continuar con el proceso de Admisi\u00f3n\u201d.<\/p>\n\n\n\n<p>Y, agreg\u00f3 que \u201cestas capacitaciones nos ayudan mucho a seguir creciendo para brindar un mejor servicio a la poblaci\u00f3n&#8221;. Seguidamente se mostr\u00f3 muy contenta con el trabajo conjunto que llevan adelante la UEP y los CAPS.<\/p>\n\n\n\n<p>El pr\u00f3ximo encuentro ser\u00e1 el viernes 28 de marzo de 14 a 17 con los CAPS del 9 al 17 en las oficinas de la Unidad Ejecutora Provincial. El mes que viene y hasta finalizar el a\u00f1o continuar\u00e1n en terreno con las distintas capacitaciones.<\/p>\n\n\n\n<p><\/p>\n\n\n\n<figure class=\"wp-block-image size-large\"><img loading=\"lazy\" decoding=\"async\" width=\"1024\" height=\"768\" src=\"https:\/\/corrientesdetarde.com\/wp-content\/uploads\/2025\/03\/image-1110-1024x768.png\" alt=\"\" class=\"wp-image-199053\" srcset=\"https:\/\/corrientesdetarde.com\/wp-content\/uploads\/2025\/03\/image-1110-1024x768.png 1024w, https:\/\/corrientesdetarde.com\/wp-content\/uploads\/2025\/03\/image-1110-300x225.png 300w, https:\/\/corrientesdetarde.com\/wp-content\/uploads\/2025\/03\/image-1110-768x576.png 768w, https:\/\/corrientesdetarde.com\/wp-content\/uploads\/2025\/03\/image-1110.png 1280w\" sizes=\"auto, (max-width: 1024px) 100vw, 1024px\" \/><\/figure>\n\n\n\n<p><\/p>\n\n\n\n<figure class=\"wp-block-image size-large\"><img loading=\"lazy\" decoding=\"async\" width=\"1024\" height=\"768\" src=\"https:\/\/corrientesdetarde.com\/wp-content\/uploads\/2025\/03\/image-1111-1024x768.png\" alt=\"\" class=\"wp-image-199054\" srcset=\"https:\/\/corrientesdetarde.com\/wp-content\/uploads\/2025\/03\/image-1111-1024x768.png 1024w, https:\/\/corrientesdetarde.com\/wp-content\/uploads\/2025\/03\/image-1111-300x225.png 300w, https:\/\/corrientesdetarde.com\/wp-content\/uploads\/2025\/03\/image-1111-768x576.png 768w, https:\/\/corrientesdetarde.com\/wp-content\/uploads\/2025\/03\/image-1111.png 1280w\" sizes=\"auto, (max-width: 1024px) 100vw, 1024px\" \/><\/figure>\n\n\n\n<p><\/p>\n","protected":false},"excerpt":{"rendered":"<p>Iniciaron encuentros destinados a los Centros de Atenci\u00f3n Primaria de la Salud, el primero fue \u201cJornada Taller: Liquidaci\u00f3n de Prestaciones\u201d. Estuvieron presentes directores y administrativos de los CAPS del I&hellip; <\/p>\n","protected":false},"author":8,"featured_media":199054,"comment_status":"closed","ping_status":"open","sticky":false,"template":"","format":"standard","meta":{"footnotes":""},"categories":[16],"tags":[],"class_list":["post-199052","post","type-post","status-publish","format-standard","has-post-thumbnail","hentry","category-bienestar-y-salud"],"_links":{"self":[{"href":"https:\/\/corrientesdetarde.com\/index.php\/wp-json\/wp\/v2\/posts\/199052","targetHints":{"allow":["GET"]}}],"collection":[{"href":"https:\/\/corrientesdetarde.com\/index.php\/wp-json\/wp\/v2\/posts"}],"about":[{"href":"https:\/\/corrientesdetarde.com\/index.php\/wp-json\/wp\/v2\/types\/post"}],"author":[{"embeddable":true,"href":"https:\/\/corrientesdetarde.com\/index.php\/wp-json\/wp\/v2\/users\/8"}],"replies":[{"embeddable":true,"href":"https:\/\/corrientesdetarde.com\/index.php\/wp-json\/wp\/v2\/comments?post=199052"}],"version-history":[{"count":1,"href":"https:\/\/corrientesdetarde.com\/index.php\/wp-json\/wp\/v2\/posts\/199052\/revisions"}],"predecessor-version":[{"id":199055,"href":"https:\/\/corrientesdetarde.com\/index.php\/wp-json\/wp\/v2\/posts\/199052\/revisions\/199055"}],"wp:featuredmedia":[{"embeddable":true,"href":"https:\/\/corrientesdetarde.com\/index.php\/wp-json\/wp\/v2\/media\/199054"}],"wp:attachment":[{"href":"https:\/\/corrientesdetarde.com\/index.php\/wp-json\/wp\/v2\/media?parent=199052"}],"wp:term":[{"taxonomy":"category","embeddable":true,"href":"https:\/\/corrientesdetarde.com\/index.php\/wp-json\/wp\/v2\/categories?post=199052"},{"taxonomy":"post_tag","embeddable":true,"href":"https:\/\/corrientesdetarde.com\/index.php\/wp-json\/wp\/v2\/tags?post=199052"}],"curies":[{"name":"wp","href":"https:\/\/api.w.org\/{rel}","templated":true}]}}