{"id":199056,"date":"2025-03-27T13:57:03","date_gmt":"2025-03-27T16:57:03","guid":{"rendered":"https:\/\/corrientesdetarde.com\/?p=199056"},"modified":"2025-03-27T13:57:08","modified_gmt":"2025-03-27T16:57:08","slug":"centros-integradores-de-adultos-mayores-2025-seguimos-atendiendolos-y-conteniendolos-en-la-ciudad-resalto-tassano","status":"publish","type":"post","link":"https:\/\/corrientesdetarde.com\/index.php\/sociales\/centros-integradores-de-adultos-mayores-2025-seguimos-atendiendolos-y-conteniendolos-en-la-ciudad-resalto-tassano\/","title":{"rendered":"Centros Integradores de Adultos Mayores 2025: \u201cSeguimos atendi\u00e9ndolos y conteni\u00e9ndolos en la ciudad\u201d, resalt\u00f3 Tassano"},"content":{"rendered":"\n<p><em>En un acto con la presencia del intendente se realiz\u00f3 la apertura de las actividades para este a\u00f1o de los 28 espacios que funcionan en diferentes barrios de la ciudad y tambi\u00e9n en el Club Tel\u00e9fonos. Ofrecen contenci\u00f3n al sector y realizan variadas actividades deportivas, culturales, l\u00fadicas y de esparcimiento.<\/em><\/p>\n\n\n\n<p>Con la valiosa misi\u00f3n social de contener y valorizarlos constantemente, los Centros Integradores de Adultos Mayores (CIAM) que funcionan bajo la \u00f3rbita municipal pusieron en marcha sus actividades para este a\u00f1o 2025. Lo hicieron en un acto encabezado por el intendente Eduardo Tassano, llevado a cabo en el sal\u00f3n principal de la Sociedad Espa\u00f1ola y con la presencia de la directora general de Adultos Mayores, Celina Thones y dem\u00e1s funcionarios y asistentes municipales.<br>En los 28 centros que funcionan en distintos barrios de la ciudad, como tambi\u00e9n en el Club Tel\u00e9fono, se presentan m\u00faltiples actividades deportivas, culturales, l\u00fadicas y de esparcimiento. Para este a\u00f1o, incluso, se sumar\u00e1 un taller de teatro.<br>De esta forma, los adultos mayores participan de variadas actividades especiales en sus centros, pero tambi\u00e9n lo hacen en otros \u00e1mbitos comunitarios, como las comparsas de los Carnaval Barriales, las pe\u00f1as culturales y eventos similares organizados por la Municipalidad.<br>Espec\u00edficamente, el prop\u00f3sito de los CIAM es resocializar a los ciudadanos adultos mayores, impulsando estrategias de asistencia, contenci\u00f3n y promoci\u00f3n social, mejorando as\u00ed su calidad de vida desde la perspectiva de \u201cEnvejecimiento Activo\u201d propuesta por la Organizaci\u00f3n Mundial de la salud (OMS).<br>Los interesados en mayor informaci\u00f3n o inscripci\u00f3n pueden acercarse a la oficina de dicha \u00e1rea municipal, ubicada por calle Catamarca 771, de 8 a 12.<br><br>VALORACI\u00d3N AL SECTOR<br>\u201cEste es un \u00e1rea muy importante para nuestro equipo municipal y valoramos la situaci\u00f3n de los adultos mayores pensando en ofrecerles las mejores actividades para ellos\u201d, indic\u00f3 el intendente Eduardo Tassano.<br>En este sentido, tambi\u00e9n destac\u00f3 el trabajo llevado adelante en la ciudad en el \u00faltimo tiempo ya que previamente se contaba con solo ocho espacios para atender y contener a este grupo etario y en la actualidad funcionan ya casi 30 centros distribuidos por la ciudad.<br>\u201cSeguimos y seguiremos atendiendo y conteniendo a la tercera edad en la ciudad\u201d, ratific\u00f3 Tassano.<br>Adem\u00e1s, hizo menci\u00f3n a que la gesti\u00f3n municipal busca tomar como ejemplo las acciones que llevan adelante el Ministerio de la Felicidad en los pa\u00edses n\u00f3rdicos, \u201cque hace a la cultura y a la b\u00fasqueda mundial para trabajar pensando en los adultos mayores\u201d y \u201cesta visi\u00f3n es un nuevo trabajo que tenemos que abordarlo como gobierno\u201d, dijo para cerrar.<br><br>ACTIVIDADES<br>Por su parte, Celina Thones, directora general de Adultos Mayores detall\u00f3 que estos centros funcionan en comedores provinciales, delegaciones municipales, algunas capillas y casas particulares de manera moment\u00e1nea, de lunes a viernes, de 16 a 18 o 19.<br>De cara al inicio del a\u00f1o, indic\u00f3 que \u201cestamos preparando las actividades habituales e incorporando nuevas acciones culturales\u201d, a la vez que destac\u00f3 que en los \u00faltimos a\u00f1os \u201cse logr\u00f3 que se conformen nuevas familias, como es que se sienten ellos\u201d.<br><br><br>INTEGRACI\u00d3N<br>En tanto, Felisa del Carmen Flores del grupo Coraz\u00f3n Contento y de tejo del barrio Independencia coment\u00f3 que \u201clos centros integradores de adultos mayores son espacios de esparcimiento y aprendizaje, donde se disfruta de la compa\u00f1\u00eda de compa\u00f1eras y profesoras que ense\u00f1an diversas actividades, como costura\u201d. En ese sentido, consider\u00f3 que los centros son \u201cuna forma de contenci\u00f3n y una oportunidad para disfrutar y ser felices en esta etapa de la vida\u201d.<\/p>\n\n\n\n<figure class=\"wp-block-image size-large\"><img loading=\"lazy\" decoding=\"async\" width=\"1024\" height=\"682\" src=\"https:\/\/corrientesdetarde.com\/wp-content\/uploads\/2025\/03\/image-1112-1024x682.png\" alt=\"\" class=\"wp-image-199057\" srcset=\"https:\/\/corrientesdetarde.com\/wp-content\/uploads\/2025\/03\/image-1112-1024x682.png 1024w, https:\/\/corrientesdetarde.com\/wp-content\/uploads\/2025\/03\/image-1112-300x200.png 300w, https:\/\/corrientesdetarde.com\/wp-content\/uploads\/2025\/03\/image-1112-768x512.png 768w, https:\/\/corrientesdetarde.com\/wp-content\/uploads\/2025\/03\/image-1112.png 1280w\" sizes=\"auto, (max-width: 1024px) 100vw, 1024px\" \/><\/figure>\n\n\n\n<figure class=\"wp-block-image size-large\"><img loading=\"lazy\" decoding=\"async\" width=\"1024\" height=\"682\" src=\"https:\/\/corrientesdetarde.com\/wp-content\/uploads\/2025\/03\/image-1113-1024x682.png\" alt=\"\" class=\"wp-image-199058\" srcset=\"https:\/\/corrientesdetarde.com\/wp-content\/uploads\/2025\/03\/image-1113-1024x682.png 1024w, https:\/\/corrientesdetarde.com\/wp-content\/uploads\/2025\/03\/image-1113-300x200.png 300w, https:\/\/corrientesdetarde.com\/wp-content\/uploads\/2025\/03\/image-1113-768x512.png 768w, https:\/\/corrientesdetarde.com\/wp-content\/uploads\/2025\/03\/image-1113.png 1280w\" sizes=\"auto, (max-width: 1024px) 100vw, 1024px\" \/><\/figure>\n\n\n\n<figure class=\"wp-block-image size-large\"><img loading=\"lazy\" decoding=\"async\" width=\"1024\" height=\"682\" src=\"https:\/\/corrientesdetarde.com\/wp-content\/uploads\/2025\/03\/image-1114-1024x682.png\" alt=\"\" class=\"wp-image-199059\" srcset=\"https:\/\/corrientesdetarde.com\/wp-content\/uploads\/2025\/03\/image-1114-1024x682.png 1024w, https:\/\/corrientesdetarde.com\/wp-content\/uploads\/2025\/03\/image-1114-300x200.png 300w, https:\/\/corrientesdetarde.com\/wp-content\/uploads\/2025\/03\/image-1114-768x512.png 768w, https:\/\/corrientesdetarde.com\/wp-content\/uploads\/2025\/03\/image-1114.png 1280w\" sizes=\"auto, (max-width: 1024px) 100vw, 1024px\" \/><\/figure>\n\n\n\n<figure class=\"wp-block-image size-large\"><img loading=\"lazy\" decoding=\"async\" width=\"1024\" height=\"682\" src=\"https:\/\/corrientesdetarde.com\/wp-content\/uploads\/2025\/03\/image-1115-1024x682.png\" alt=\"\" class=\"wp-image-199060\" srcset=\"https:\/\/corrientesdetarde.com\/wp-content\/uploads\/2025\/03\/image-1115-1024x682.png 1024w, https:\/\/corrientesdetarde.com\/wp-content\/uploads\/2025\/03\/image-1115-300x200.png 300w, https:\/\/corrientesdetarde.com\/wp-content\/uploads\/2025\/03\/image-1115-768x512.png 768w, https:\/\/corrientesdetarde.com\/wp-content\/uploads\/2025\/03\/image-1115.png 1280w\" sizes=\"auto, (max-width: 1024px) 100vw, 1024px\" \/><\/figure>\n\n\n\n<figure class=\"wp-block-image size-large\"><img loading=\"lazy\" decoding=\"async\" width=\"1024\" height=\"682\" src=\"https:\/\/corrientesdetarde.com\/wp-content\/uploads\/2025\/03\/image-1116-1024x682.png\" alt=\"\" class=\"wp-image-199061\" srcset=\"https:\/\/corrientesdetarde.com\/wp-content\/uploads\/2025\/03\/image-1116-1024x682.png 1024w, https:\/\/corrientesdetarde.com\/wp-content\/uploads\/2025\/03\/image-1116-300x200.png 300w, https:\/\/corrientesdetarde.com\/wp-content\/uploads\/2025\/03\/image-1116-768x512.png 768w, https:\/\/corrientesdetarde.com\/wp-content\/uploads\/2025\/03\/image-1116.png 1280w\" sizes=\"auto, (max-width: 1024px) 100vw, 1024px\" \/><\/figure>\n\n\n\n<figure class=\"wp-block-image size-large\"><img loading=\"lazy\" decoding=\"async\" width=\"1024\" height=\"682\" src=\"https:\/\/corrientesdetarde.com\/wp-content\/uploads\/2025\/03\/image-1117-1024x682.png\" alt=\"\" class=\"wp-image-199062\" srcset=\"https:\/\/corrientesdetarde.com\/wp-content\/uploads\/2025\/03\/image-1117-1024x682.png 1024w, https:\/\/corrientesdetarde.com\/wp-content\/uploads\/2025\/03\/image-1117-300x200.png 300w, https:\/\/corrientesdetarde.com\/wp-content\/uploads\/2025\/03\/image-1117-768x512.png 768w, https:\/\/corrientesdetarde.com\/wp-content\/uploads\/2025\/03\/image-1117.png 1280w\" sizes=\"auto, (max-width: 1024px) 100vw, 1024px\" \/><\/figure>\n\n\n\n<figure class=\"wp-block-image size-large\"><img loading=\"lazy\" decoding=\"async\" width=\"1024\" height=\"682\" src=\"https:\/\/corrientesdetarde.com\/wp-content\/uploads\/2025\/03\/image-1118-1024x682.png\" alt=\"\" class=\"wp-image-199063\" srcset=\"https:\/\/corrientesdetarde.com\/wp-content\/uploads\/2025\/03\/image-1118-1024x682.png 1024w, https:\/\/corrientesdetarde.com\/wp-content\/uploads\/2025\/03\/image-1118-300x200.png 300w, https:\/\/corrientesdetarde.com\/wp-content\/uploads\/2025\/03\/image-1118-768x512.png 768w, https:\/\/corrientesdetarde.com\/wp-content\/uploads\/2025\/03\/image-1118.png 1280w\" sizes=\"auto, (max-width: 1024px) 100vw, 1024px\" \/><\/figure>\n\n\n\n<figure class=\"wp-block-image size-large\"><img loading=\"lazy\" decoding=\"async\" width=\"1024\" height=\"682\" src=\"https:\/\/corrientesdetarde.com\/wp-content\/uploads\/2025\/03\/image-1119-1024x682.png\" alt=\"\" class=\"wp-image-199064\" srcset=\"https:\/\/corrientesdetarde.com\/wp-content\/uploads\/2025\/03\/image-1119-1024x682.png 1024w, https:\/\/corrientesdetarde.com\/wp-content\/uploads\/2025\/03\/image-1119-300x200.png 300w, https:\/\/corrientesdetarde.com\/wp-content\/uploads\/2025\/03\/image-1119-768x512.png 768w, https:\/\/corrientesdetarde.com\/wp-content\/uploads\/2025\/03\/image-1119.png 1280w\" sizes=\"auto, (max-width: 1024px) 100vw, 1024px\" \/><\/figure>\n","protected":false},"excerpt":{"rendered":"<p>En un acto con la presencia del intendente se realiz\u00f3 la apertura de las actividades para este a\u00f1o de los 28 espacios que funcionan en diferentes barrios de la ciudad&hellip; <\/p>\n","protected":false},"author":8,"featured_media":199064,"comment_status":"closed","ping_status":"open","sticky":false,"template":"","format":"standard","meta":{"footnotes":""},"categories":[17],"tags":[],"class_list":["post-199056","post","type-post","status-publish","format-standard","has-post-thumbnail","hentry","category-sociales"],"_links":{"self":[{"href":"https:\/\/corrientesdetarde.com\/index.php\/wp-json\/wp\/v2\/posts\/199056","targetHints":{"allow":["GET"]}}],"collection":[{"href":"https:\/\/corrientesdetarde.com\/index.php\/wp-json\/wp\/v2\/posts"}],"about":[{"href":"https:\/\/corrientesdetarde.com\/index.php\/wp-json\/wp\/v2\/types\/post"}],"author":[{"embeddable":true,"href":"https:\/\/corrientesdetarde.com\/index.php\/wp-json\/wp\/v2\/users\/8"}],"replies":[{"embeddable":true,"href":"https:\/\/corrientesdetarde.com\/index.php\/wp-json\/wp\/v2\/comments?post=199056"}],"version-history":[{"count":1,"href":"https:\/\/corrientesdetarde.com\/index.php\/wp-json\/wp\/v2\/posts\/199056\/revisions"}],"predecessor-version":[{"id":199065,"href":"https:\/\/corrientesdetarde.com\/index.php\/wp-json\/wp\/v2\/posts\/199056\/revisions\/199065"}],"wp:featuredmedia":[{"embeddable":true,"href":"https:\/\/corrientesdetarde.com\/index.php\/wp-json\/wp\/v2\/media\/199064"}],"wp:attachment":[{"href":"https:\/\/corrientesdetarde.com\/index.php\/wp-json\/wp\/v2\/media?parent=199056"}],"wp:term":[{"taxonomy":"category","embeddable":true,"href":"https:\/\/corrientesdetarde.com\/index.php\/wp-json\/wp\/v2\/categories?post=199056"},{"taxonomy":"post_tag","embeddable":true,"href":"https:\/\/corrientesdetarde.com\/index.php\/wp-json\/wp\/v2\/tags?post=199056"}],"curies":[{"name":"wp","href":"https:\/\/api.w.org\/{rel}","templated":true}]}}